{"id":2057,"date":"2023-09-21T10:19:47","date_gmt":"2023-09-21T08:19:47","guid":{"rendered":"https:\/\/calafellevasion.com\/?p=2057"},"modified":"2024-08-30T14:14:25","modified_gmt":"2024-08-30T12:14:25","slug":"parc-guell-larchitecture-et-la-nature-de-gaudi","status":"publish","type":"post","link":"https:\/\/calafellevasion.com\/fr\/parc-guell-larchitecture-et-la-nature-de-gaudi\/","title":{"rendered":"Parc G\u00fcell : l&rsquo;architecture et la nature de Gaud\u00ed"},"content":{"rendered":"<div class=\"fusion-fullwidth fullwidth-box fusion-builder-row-1 fusion-flex-container nonhundred-percent-fullwidth non-hundred-percent-height-scrolling\" style=\"background-color: rgba(255,255,255,0);background-position: center center;background-repeat: no-repeat;border-width: 0px 0px 0px 0px;border-color:#e2e2e2;border-style:solid;\" ><div class=\"fusion-builder-row fusion-row fusion-flex-align-items-flex-start\" style=\"max-width:1497.6px;margin-left: calc(-4% \/ 2 );margin-right: calc(-4% \/ 2 );\"><div class=\"fusion-layout-column fusion_builder_column fusion-builder-column-0 fusion_builder_column_1_1 1_1 fusion-flex-column\"><div class=\"fusion-column-wrapper fusion-flex-justify-content-flex-start fusion-content-layout-column\" style=\"background-position:left top;background-repeat:no-repeat;-webkit-background-size:cover;-moz-background-size:cover;-o-background-size:cover;background-size:cover;padding: 0px 0px 0px 0px;\"><div class=\"fusion-text fusion-text-1\" style=\"transform:translate3d(0,0,0);\"><p>Le Parc G\u00fcell, situ\u00e9 dans la belle ville de Barcelone, est l&rsquo;une des destinations les plus embl\u00e9matiques d&rsquo;Espagne. Con\u00e7u par le c\u00e9l\u00e8bre architecte moderniste Antoni Gaud\u00ed, ce parc est un t\u00e9moignage de son g\u00e9nie cr\u00e9atif et un chef-d&rsquo;oeuvre architectural. Dans ce blog, nous vous ferons faire une visite virtuelle du Parc G\u00fcell et vous montrerons pourquoi c&rsquo;est un incontournable de votre voyage \u00e0 Barcelone.<\/p>\n<\/div><div style=\"text-align:center;\"><span class=\" fusion-imageframe imageframe-none imageframe-1 hover-type-none\"><img decoding=\"async\" width=\"300\" height=\"169\" alt=\"Parque G\u00fcell\" title=\"vista-panoramica-barcelona-varios-tejados-edificio-vista-parc-guell-espana\" data-src=\"https:\/\/calafellevasion.com\/wp-content\/uploads\/2023\/09\/vista-panoramica-barcelona-varios-tejados-edificio-vista-parc-guell-espana-300x169.webp\" class=\"img-responsive wp-image-3688 lazyload\" data-srcset=\"https:\/\/calafellevasion.com\/wp-content\/uploads\/2023\/09\/vista-panoramica-barcelona-varios-tejados-edificio-vista-parc-guell-espana-200x113.webp 200w, https:\/\/calafellevasion.com\/wp-content\/uploads\/2023\/09\/vista-panoramica-barcelona-varios-tejados-edificio-vista-parc-guell-espana-300x169.webp 300w, https:\/\/calafellevasion.com\/wp-content\/uploads\/2023\/09\/vista-panoramica-barcelona-varios-tejados-edificio-vista-parc-guell-espana-400x225.webp 400w, https:\/\/calafellevasion.com\/wp-content\/uploads\/2023\/09\/vista-panoramica-barcelona-varios-tejados-edificio-vista-parc-guell-espana-600x338.webp 600w, https:\/\/calafellevasion.com\/wp-content\/uploads\/2023\/09\/vista-panoramica-barcelona-varios-tejados-edificio-vista-parc-guell-espana-768x432.webp 768w, https:\/\/calafellevasion.com\/wp-content\/uploads\/2023\/09\/vista-panoramica-barcelona-varios-tejados-edificio-vista-parc-guell-espana-800x450.webp 800w, https:\/\/calafellevasion.com\/wp-content\/uploads\/2023\/09\/vista-panoramica-barcelona-varios-tejados-edificio-vista-parc-guell-espana-1024x576.webp 1024w, https:\/\/calafellevasion.com\/wp-content\/uploads\/2023\/09\/vista-panoramica-barcelona-varios-tejados-edificio-vista-parc-guell-espana-1200x675.webp 1200w, https:\/\/calafellevasion.com\/wp-content\/uploads\/2023\/09\/vista-panoramica-barcelona-varios-tejados-edificio-vista-parc-guell-espana.webp 1500w\" data-sizes=\"(max-width: 640px) 100vw, 300px\" src=\"data:image\/gif;base64,R0lGODlhAQABAAAAACH5BAEKAAEALAAAAAABAAEAAAICTAEAOw==\" style=\"--smush-placeholder-width: 300px; --smush-placeholder-aspect-ratio: 300\/169;\" \/><\/span><\/div><style type=\"text\/css\">@media only screen and (max-width:1024px) {.fusion-title.fusion-title-1{margin-top:10px!important;margin-bottom:15px!important;}}@media only screen and (max-width:640px) {.fusion-title.fusion-title-1{margin-top:10px!important;margin-bottom:10px!important;}}<\/style><div class=\"fusion-title title fusion-title-1 fusion-title-text fusion-title-size-three\" style=\"margin-top:10px;margin-bottom:15px;\"><div class=\"title-sep-container title-sep-container-left fusion-no-large-visibility fusion-no-medium-visibility fusion-no-small-visibility\"><div class=\"title-sep sep-double sep-solid\" style=\"border-color:#e2e2e2;\"><\/div><\/div><h3 class=\"title-heading-left\" style=\"margin:0;\"><h4>Histoire et Design : l&rsquo;h\u00e9ritage d&rsquo;Antoni Gaud\u00ed<\/h4><\/h3><div class=\"title-sep-container title-sep-container-right\"><div class=\"title-sep sep-double sep-solid\" style=\"border-color:#e2e2e2;\"><\/div><\/div><\/div><div class=\"fusion-text fusion-text-2\" style=\"transform:translate3d(0,0,0);\"><p>Le Parc G\u00fcell a \u00e9t\u00e9 con\u00e7u par Antoni Gaud\u00ed au d\u00e9but du XXe si\u00e8cle. Il a \u00e9t\u00e9 construit comme un projet r\u00e9sidentiel priv\u00e9 qui n&rsquo;a jamais \u00e9t\u00e9 achev\u00e9. Cependant, c&rsquo;est aujourd&rsquo;hui un parc public qui attire des millions de visiteurs du monde entier. Certains des faits saillants comprennent :<\/p>\n<ul>\n<li><strong>Mosa\u00efque de la Salamandre :<\/strong> L&#8217;embl\u00e9matique salamandre recouverte de mosa\u00efques \u00e0 l&rsquo;entr\u00e9e du parc est l&rsquo;un des symboles les plus reconnaissables de Gaud\u00ed.<\/li>\n<li><strong>Bancs sinueux :<\/strong> Les c\u00e9l\u00e8bres bancs du parc sont con\u00e7us selon les formes sinueuses et d\u00e9cor\u00e9s de mosa\u00efques color\u00e9es, offrant des si\u00e8ges confortables et des vues panoramiques.<\/li>\n<li><strong>Le Portique de la Lavandi\u00e8re :<\/strong> Un lieu magique avec des colonnes pench\u00e9es et des plafonds orn\u00e9s qui semblent tout droit sortis d&rsquo;un compte de f\u00e9es.<\/li>\n<\/ul>\n<\/div><style type=\"text\/css\">@media only screen and (max-width:1024px) {.fusion-title.fusion-title-2{margin-top:10px!important;margin-bottom:15px!important;}}@media only screen and (max-width:640px) {.fusion-title.fusion-title-2{margin-top:10px!important;margin-bottom:10px!important;}}<\/style><div class=\"fusion-title title fusion-title-2 fusion-title-text fusion-title-size-three\" style=\"margin-top:10px;margin-bottom:15px;\"><div class=\"title-sep-container title-sep-container-left fusion-no-large-visibility fusion-no-medium-visibility fusion-no-small-visibility\"><div class=\"title-sep sep-double sep-solid\" style=\"border-color:#e2e2e2;\"><\/div><\/div><h3 class=\"title-heading-left\" style=\"margin:0;\"><h4>Nature et paysages :<\/h4><\/h3><div class=\"title-sep-container title-sep-container-right\"><div class=\"title-sep sep-double sep-solid\" style=\"border-color:#e2e2e2;\"><\/div><\/div><\/div><div class=\"fusion-text fusion-text-3\" style=\"transform:translate3d(0,0,0);\"><p>Le Parc G\u00fcell offre non seulement une exp\u00e9rience architecturale exceptionnelle mais aussi un environnement naturel enchanteur. Vous pouvez explorer :<\/p>\n<ul>\n<li><strong>Sentiers sinueux :<\/strong> parcourez les sentiers sinueux du parc qui vous m\u00e8nent \u00e0 travers des jardins et des for\u00eats luxuriants.<\/li>\n<li><strong>Terrasses avec vues :<\/strong> Profitez d&rsquo;une vue panoramique sur Barcelone depuis les terrasses du parc, o\u00f9 vous pourrez admirer la ville et la mer M\u00e9diterran\u00e9e.<\/li>\n<li><strong>Flaune et Flore :<\/strong> Observez la diversit\u00e9 des plantes et des oiseaux qui habitent le parc, cr\u00e9ant ainsi une oasis de biodiversit\u00e9 au milieu de la ville.<\/li>\n<\/ul>\n<\/div><style type='text\/css'>.reading-box-container-1 .element-bottomshadow:before,.reading-box-container-1 .element-bottomshadow:after{opacity:0.7;}<\/style><div class=\"fusion-reading-box-container reading-box-container-1\" style=\"margin-top:0px;margin-bottom:20px;\"><div class=\"reading-box\" style=\"background-color:#f9f9fb;border-width:1px;border-color:rgba(226,226,226,0);border-left-width:3px;border-left-color:var(--primary_color);border-style:solid;\"><h2>Conseils pour la visite :<\/h2><div class=\"reading-box-additional fusion-reading-box-additional\">\n<ul>\n<li><strong>Achetez vos billets en ligne :<\/strong> En raison de sa popularit\u00e9, il est conseill\u00e9 d&rsquo;acheter vos billets en ligne \u00e0 l&rsquo;avance pour \u00e9viter les longues files d&rsquo;attente.<\/li>\n<li><strong>Visitez t\u00f4t ou tard :<\/strong> Le parc a tendance \u00e0 \u00eatre moins fr\u00e9quent\u00e9 t\u00f4t le matin ou en fin d&rsquo;apr\u00e8s-midi, ce qui permet une exp\u00e9rience plus calme.<\/li>\n<\/ul>\n<\/div><div class=\"fusion-clearfix\"><\/div><\/div><\/div><div class=\"fusion-text fusion-text-4\" style=\"transform:translate3d(0,0,0);\"><p>Le Parc G\u00fcell est un joyau architectural et naturel au coeur de Barcelone. Explorer ce merveilleux espace vous permet de vous immerger dans la cr\u00e9ativit\u00e9 de Gaud\u00ed et de profiter de la beaut\u00e9 de la nature. Que vous soyez amateur d&rsquo;architecture, passion\u00e9 de nature ou simplement voyageur curieux, le Parc G\u00fcell est une visite inoubliable qui vous plongera dans la magie de Barcelone et le g\u00e9nie de Gaud\u00ed. Ne le manquez pas lors de votre prochaine visite en ville !<\/p>\n<\/div><\/div><\/div><style type=\"text\/css\">.fusion-body .fusion-builder-column-0{width:100% !important;margin-top : 0px;margin-bottom : 20px;}.fusion-builder-column-0 > .fusion-column-wrapper {padding-top : 0px !important;padding-right : 0px !important;margin-right : 1.92%;padding-bottom : 0px !important;padding-left : 0px !important;margin-left : 1.92%;}@media only screen and (max-width:1024px) {.fusion-body .fusion-builder-column-0{width:100% !important;order : 0;}.fusion-builder-column-0 > .fusion-column-wrapper {margin-right : 1.92%;margin-left : 1.92%;}}@media only screen and (max-width:640px) {.fusion-body .fusion-builder-column-0{width:100% !important;order : 0;}.fusion-builder-column-0 > .fusion-column-wrapper {margin-right : 1.92%;margin-left : 1.92%;}}<\/style><\/div><style type=\"text\/css\">.fusion-body .fusion-flex-container.fusion-builder-row-1{ padding-top : 0px;margin-top : 0px;padding-right : 0px;padding-bottom : 0px;margin-bottom : 0px;padding-left : 0px;}<\/style><\/div>\n","protected":false},"excerpt":{"rendered":"","protected":false},"author":17,"featured_media":3690,"comment_status":"open","ping_status":"closed","sticky":false,"template":"","format":"standard","meta":{"om_disable_all_campaigns":false,"_monsterinsights_skip_tracking":false,"_monsterinsights_sitenote_active":false,"_monsterinsights_sitenote_note":"","_monsterinsights_sitenote_category":0,"_uf_show_specific_survey":0,"_uf_disable_surveys":false,"footnotes":""},"categories":[90],"tags":[],"class_list":["post-2057","post","type-post","status-publish","format-standard","has-post-thumbnail","hentry","category-actividades-fr"],"yoast_head":"<!-- This site is optimized with the Yoast SEO plugin v24.6 - https:\/\/yoast.com\/wordpress\/plugins\/seo\/ -->\n<title>Parc G\u00fcell : l&#039;architecture et la nature de Gaud\u00ed - Calafell Evasi\u00f3n<\/title>\n<meta name=\"description\" content=\"Le Parc G\u00fcell, situ\u00e9 dans la belle ville de Barcelone, est l&#039;une de destinations les plus embl\u00e9matiques d&#039;Espagne.\" \/>\n<meta name=\"robots\" content=\"index, follow, max-snippet:-1, max-image-preview:large, max-video-preview:-1\" \/>\n<link rel=\"canonical\" href=\"https:\/\/www.calafellevasion.com\/fr\/parc-guell-larchitecture-et-la-nature-de-gaudi\/\" \/>\n<meta property=\"og:locale\" content=\"fr_FR\" \/>\n<meta property=\"og:type\" content=\"article\" \/>\n<meta property=\"og:title\" content=\"Parc G\u00fcell : l&#039;architecture et la nature de Gaud\u00ed - Calafell Evasi\u00f3n\" \/>\n<meta property=\"og:description\" content=\"Le Parc G\u00fcell, situ\u00e9 dans la belle ville de Barcelone, est l&#039;une de destinations les plus embl\u00e9matiques d&#039;Espagne.\" \/>\n<meta property=\"og:url\" content=\"https:\/\/www.calafellevasion.com\/fr\/parc-guell-larchitecture-et-la-nature-de-gaudi\/\" \/>\n<meta property=\"og:site_name\" content=\"Calafell Evasi\u00f3n\" \/>\n<meta property=\"article:publisher\" content=\"https:\/\/www.facebook.com\/CalafellEvasion\" \/>\n<meta property=\"article:published_time\" content=\"2023-09-21T08:19:47+00:00\" \/>\n<meta property=\"article:modified_time\" content=\"2024-08-30T12:14:25+00:00\" \/>\n<meta property=\"og:image\" content=\"https:\/\/www.calafellevasion.com\/wp-content\/uploads\/2023\/09\/99.webp\" \/>\n\t<meta property=\"og:image:width\" content=\"300\" \/>\n\t<meta property=\"og:image:height\" content=\"150\" \/>\n\t<meta property=\"og:image:type\" content=\"image\/webp\" \/>\n<meta name=\"author\" content=\"Clarisse Dubois\" \/>\n<meta name=\"twitter:card\" content=\"summary_large_image\" \/>\n<meta name=\"twitter:label1\" content=\"\u00c9crit par\" \/>\n\t<meta name=\"twitter:data1\" content=\"Clarisse Dubois\" \/>\n\t<meta name=\"twitter:label2\" content=\"Dur\u00e9e de lecture estim\u00e9e\" \/>\n\t<meta name=\"twitter:data2\" content=\"5 minutes\" \/>\n<script type=\"application\/ld+json\" class=\"yoast-schema-graph\">{\"@context\":\"https:\/\/schema.org\",\"@graph\":[{\"@type\":\"WebPage\",\"@id\":\"https:\/\/www.calafellevasion.com\/fr\/parc-guell-larchitecture-et-la-nature-de-gaudi\/\",\"url\":\"https:\/\/www.calafellevasion.com\/fr\/parc-guell-larchitecture-et-la-nature-de-gaudi\/\",\"name\":\"Parc G\u00fcell : l'architecture et la nature de Gaud\u00ed - Calafell Evasi\u00f3n\",\"isPartOf\":{\"@id\":\"https:\/\/calafellevasion.com\/#website\"},\"primaryImageOfPage\":{\"@id\":\"https:\/\/www.calafellevasion.com\/fr\/parc-guell-larchitecture-et-la-nature-de-gaudi\/#primaryimage\"},\"image\":{\"@id\":\"https:\/\/www.calafellevasion.com\/fr\/parc-guell-larchitecture-et-la-nature-de-gaudi\/#primaryimage\"},\"thumbnailUrl\":\"https:\/\/calafellevasion.com\/wp-content\/uploads\/2023\/09\/99.webp\",\"datePublished\":\"2023-09-21T08:19:47+00:00\",\"dateModified\":\"2024-08-30T12:14:25+00:00\",\"author\":{\"@id\":\"https:\/\/calafellevasion.com\/#\/schema\/person\/f53704cbd302e1dee99ec3d21290d2aa\"},\"description\":\"Le Parc G\u00fcell, situ\u00e9 dans la belle ville de Barcelone, est l'une de destinations les plus embl\u00e9matiques d'Espagne.\",\"breadcrumb\":{\"@id\":\"https:\/\/www.calafellevasion.com\/fr\/parc-guell-larchitecture-et-la-nature-de-gaudi\/#breadcrumb\"},\"inLanguage\":\"fr-FR\",\"potentialAction\":[{\"@type\":\"ReadAction\",\"target\":[\"https:\/\/www.calafellevasion.com\/fr\/parc-guell-larchitecture-et-la-nature-de-gaudi\/\"]}]},{\"@type\":\"ImageObject\",\"inLanguage\":\"fr-FR\",\"@id\":\"https:\/\/www.calafellevasion.com\/fr\/parc-guell-larchitecture-et-la-nature-de-gaudi\/#primaryimage\",\"url\":\"https:\/\/calafellevasion.com\/wp-content\/uploads\/2023\/09\/99.webp\",\"contentUrl\":\"https:\/\/calafellevasion.com\/wp-content\/uploads\/2023\/09\/99.webp\",\"width\":300,\"height\":150,\"caption\":\"Parque Guell\"},{\"@type\":\"BreadcrumbList\",\"@id\":\"https:\/\/www.calafellevasion.com\/fr\/parc-guell-larchitecture-et-la-nature-de-gaudi\/#breadcrumb\",\"itemListElement\":[{\"@type\":\"ListItem\",\"position\":1,\"name\":\"Home\",\"item\":\"https:\/\/calafellevasion.com\/fr\/\"},{\"@type\":\"ListItem\",\"position\":2,\"name\":\"Parc G\u00fcell : l&rsquo;architecture et la nature de Gaud\u00ed\"}]},{\"@type\":\"WebSite\",\"@id\":\"https:\/\/calafellevasion.com\/#website\",\"url\":\"https:\/\/calafellevasion.com\/\",\"name\":\"Calafell Evasi\u00f3n\",\"description\":\"\",\"potentialAction\":[{\"@type\":\"SearchAction\",\"target\":{\"@type\":\"EntryPoint\",\"urlTemplate\":\"https:\/\/calafellevasion.com\/?s={search_term_string}\"},\"query-input\":{\"@type\":\"PropertyValueSpecification\",\"valueRequired\":true,\"valueName\":\"search_term_string\"}}],\"inLanguage\":\"fr-FR\"},{\"@type\":\"Person\",\"@id\":\"https:\/\/calafellevasion.com\/#\/schema\/person\/f53704cbd302e1dee99ec3d21290d2aa\",\"name\":\"Clarisse Dubois\",\"image\":{\"@type\":\"ImageObject\",\"inLanguage\":\"fr-FR\",\"@id\":\"https:\/\/calafellevasion.com\/#\/schema\/person\/image\/\",\"url\":\"https:\/\/secure.gravatar.com\/avatar\/4ea04cd1d54f6ade1069e313fd0e5cf90d6e1a2fac0b28d6dde28c3a1dc5174a?s=96&d=mm&r=g\",\"contentUrl\":\"https:\/\/secure.gravatar.com\/avatar\/4ea04cd1d54f6ade1069e313fd0e5cf90d6e1a2fac0b28d6dde28c3a1dc5174a?s=96&d=mm&r=g\",\"caption\":\"Clarisse Dubois\"},\"url\":\"https:\/\/calafellevasion.com\/fr\/author\/marketing-luisa-de-page\/\"}]}<\/script>\n<!-- \/ Yoast SEO plugin. -->","yoast_head_json":{"title":"Parc G\u00fcell : l'architecture et la nature de Gaud\u00ed - Calafell Evasi\u00f3n","description":"Le Parc G\u00fcell, situ\u00e9 dans la belle ville de Barcelone, est l'une de destinations les plus embl\u00e9matiques d'Espagne.","robots":{"index":"index","follow":"follow","max-snippet":"max-snippet:-1","max-image-preview":"max-image-preview:large","max-video-preview":"max-video-preview:-1"},"canonical":"https:\/\/www.calafellevasion.com\/fr\/parc-guell-larchitecture-et-la-nature-de-gaudi\/","og_locale":"fr_FR","og_type":"article","og_title":"Parc G\u00fcell : l'architecture et la nature de Gaud\u00ed - Calafell Evasi\u00f3n","og_description":"Le Parc G\u00fcell, situ\u00e9 dans la belle ville de Barcelone, est l'une de destinations les plus embl\u00e9matiques d'Espagne.","og_url":"https:\/\/www.calafellevasion.com\/fr\/parc-guell-larchitecture-et-la-nature-de-gaudi\/","og_site_name":"Calafell Evasi\u00f3n","article_publisher":"https:\/\/www.facebook.com\/CalafellEvasion","article_published_time":"2023-09-21T08:19:47+00:00","article_modified_time":"2024-08-30T12:14:25+00:00","og_image":[{"width":300,"height":150,"url":"https:\/\/www.calafellevasion.com\/wp-content\/uploads\/2023\/09\/99.webp","type":"image\/webp"}],"author":"Clarisse Dubois","twitter_card":"summary_large_image","twitter_misc":{"\u00c9crit par":"Clarisse Dubois","Dur\u00e9e de lecture estim\u00e9e":"5 minutes"},"schema":{"@context":"https:\/\/schema.org","@graph":[{"@type":"WebPage","@id":"https:\/\/www.calafellevasion.com\/fr\/parc-guell-larchitecture-et-la-nature-de-gaudi\/","url":"https:\/\/www.calafellevasion.com\/fr\/parc-guell-larchitecture-et-la-nature-de-gaudi\/","name":"Parc G\u00fcell : l'architecture et la nature de Gaud\u00ed - Calafell Evasi\u00f3n","isPartOf":{"@id":"https:\/\/calafellevasion.com\/#website"},"primaryImageOfPage":{"@id":"https:\/\/www.calafellevasion.com\/fr\/parc-guell-larchitecture-et-la-nature-de-gaudi\/#primaryimage"},"image":{"@id":"https:\/\/www.calafellevasion.com\/fr\/parc-guell-larchitecture-et-la-nature-de-gaudi\/#primaryimage"},"thumbnailUrl":"https:\/\/calafellevasion.com\/wp-content\/uploads\/2023\/09\/99.webp","datePublished":"2023-09-21T08:19:47+00:00","dateModified":"2024-08-30T12:14:25+00:00","author":{"@id":"https:\/\/calafellevasion.com\/#\/schema\/person\/f53704cbd302e1dee99ec3d21290d2aa"},"description":"Le Parc G\u00fcell, situ\u00e9 dans la belle ville de Barcelone, est l'une de destinations les plus embl\u00e9matiques d'Espagne.","breadcrumb":{"@id":"https:\/\/www.calafellevasion.com\/fr\/parc-guell-larchitecture-et-la-nature-de-gaudi\/#breadcrumb"},"inLanguage":"fr-FR","potentialAction":[{"@type":"ReadAction","target":["https:\/\/www.calafellevasion.com\/fr\/parc-guell-larchitecture-et-la-nature-de-gaudi\/"]}]},{"@type":"ImageObject","inLanguage":"fr-FR","@id":"https:\/\/www.calafellevasion.com\/fr\/parc-guell-larchitecture-et-la-nature-de-gaudi\/#primaryimage","url":"https:\/\/calafellevasion.com\/wp-content\/uploads\/2023\/09\/99.webp","contentUrl":"https:\/\/calafellevasion.com\/wp-content\/uploads\/2023\/09\/99.webp","width":300,"height":150,"caption":"Parque Guell"},{"@type":"BreadcrumbList","@id":"https:\/\/www.calafellevasion.com\/fr\/parc-guell-larchitecture-et-la-nature-de-gaudi\/#breadcrumb","itemListElement":[{"@type":"ListItem","position":1,"name":"Home","item":"https:\/\/calafellevasion.com\/fr\/"},{"@type":"ListItem","position":2,"name":"Parc G\u00fcell : l&rsquo;architecture et la nature de Gaud\u00ed"}]},{"@type":"WebSite","@id":"https:\/\/calafellevasion.com\/#website","url":"https:\/\/calafellevasion.com\/","name":"Calafell Evasi\u00f3n","description":"","potentialAction":[{"@type":"SearchAction","target":{"@type":"EntryPoint","urlTemplate":"https:\/\/calafellevasion.com\/?s={search_term_string}"},"query-input":{"@type":"PropertyValueSpecification","valueRequired":true,"valueName":"search_term_string"}}],"inLanguage":"fr-FR"},{"@type":"Person","@id":"https:\/\/calafellevasion.com\/#\/schema\/person\/f53704cbd302e1dee99ec3d21290d2aa","name":"Clarisse Dubois","image":{"@type":"ImageObject","inLanguage":"fr-FR","@id":"https:\/\/calafellevasion.com\/#\/schema\/person\/image\/","url":"https:\/\/secure.gravatar.com\/avatar\/4ea04cd1d54f6ade1069e313fd0e5cf90d6e1a2fac0b28d6dde28c3a1dc5174a?s=96&d=mm&r=g","contentUrl":"https:\/\/secure.gravatar.com\/avatar\/4ea04cd1d54f6ade1069e313fd0e5cf90d6e1a2fac0b28d6dde28c3a1dc5174a?s=96&d=mm&r=g","caption":"Clarisse Dubois"},"url":"https:\/\/calafellevasion.com\/fr\/author\/marketing-luisa-de-page\/"}]}},"_links":{"self":[{"href":"https:\/\/calafellevasion.com\/fr\/wp-json\/wp\/v2\/posts\/2057","targetHints":{"allow":["GET"]}}],"collection":[{"href":"https:\/\/calafellevasion.com\/fr\/wp-json\/wp\/v2\/posts"}],"about":[{"href":"https:\/\/calafellevasion.com\/fr\/wp-json\/wp\/v2\/types\/post"}],"author":[{"embeddable":true,"href":"https:\/\/calafellevasion.com\/fr\/wp-json\/wp\/v2\/users\/17"}],"replies":[{"embeddable":true,"href":"https:\/\/calafellevasion.com\/fr\/wp-json\/wp\/v2\/comments?post=2057"}],"version-history":[{"count":8,"href":"https:\/\/calafellevasion.com\/fr\/wp-json\/wp\/v2\/posts\/2057\/revisions"}],"predecessor-version":[{"id":3960,"href":"https:\/\/calafellevasion.com\/fr\/wp-json\/wp\/v2\/posts\/2057\/revisions\/3960"}],"wp:featuredmedia":[{"embeddable":true,"href":"https:\/\/calafellevasion.com\/fr\/wp-json\/wp\/v2\/media\/3690"}],"wp:attachment":[{"href":"https:\/\/calafellevasion.com\/fr\/wp-json\/wp\/v2\/media?parent=2057"}],"wp:term":[{"taxonomy":"category","embeddable":true,"href":"https:\/\/calafellevasion.com\/fr\/wp-json\/wp\/v2\/categories?post=2057"},{"taxonomy":"post_tag","embeddable":true,"href":"https:\/\/calafellevasion.com\/fr\/wp-json\/wp\/v2\/tags?post=2057"}],"curies":[{"name":"wp","href":"https:\/\/api.w.org\/{rel}","templated":true}]}}