{"id":2029,"date":"2023-09-21T10:01:30","date_gmt":"2023-09-21T08:01:30","guid":{"rendered":"https:\/\/calafellevasion.com\/?p=2029"},"modified":"2024-08-30T14:46:10","modified_gmt":"2024-08-30T12:46:10","slug":"decouvrez-la-cantabrie","status":"publish","type":"post","link":"https:\/\/calafellevasion.com\/fr\/decouvrez-la-cantabrie\/","title":{"rendered":"D\u00e9couvrez la Cantabrie"},"content":{"rendered":"<p><div class=\"fusion-fullwidth fullwidth-box fusion-builder-row-1 fusion-flex-container nonhundred-percent-fullwidth non-hundred-percent-height-scrolling\" style=\"background-color: rgba(255,255,255,0);background-position: center center;background-repeat: no-repeat;border-width: 0px 0px 0px 0px;border-color:#e2e2e2;border-style:solid;\" ><div class=\"fusion-builder-row fusion-row fusion-flex-align-items-flex-start\" style=\"max-width:1497.6px;margin-left: calc(-4% \/ 2 );margin-right: calc(-4% \/ 2 );\"><div class=\"fusion-layout-column fusion_builder_column fusion-builder-column-0 fusion_builder_column_1_1 1_1 fusion-flex-column\"><div class=\"fusion-column-wrapper fusion-flex-justify-content-flex-start fusion-content-layout-column\" style=\"background-position:left top;background-repeat:no-repeat;-webkit-background-size:cover;-moz-background-size:cover;-o-background-size:cover;background-size:cover;padding: 0px 0px 0px 0px;\"><div class=\"fusion-text fusion-text-1\" style=\"transform:translate3d(0,0,0);\"><p>Joyau cach\u00e9 du nord de l&rsquo;Espagne, la Cantabrie est une r\u00e9gion qui allie harmonieusement des paysages naturels \u00e9poustouflants \u00e0 un riche patrimoine culturel. Des majestueuses montagnes des Picos de Europa aux charmantes villes c\u00f4ti\u00e8res, la Cantabrie offre une experience inoubliable aux voyageurs. Dans ce blog, nous vous emm\u00e8nerons dans un voyage virtuel passionnant \u00e0 travers cette r\u00e9gion et vous pr\u00e9senterons certaines de ses destinations les plus remarquables.<\/p>\n<\/div><\/div><\/div><style type=\"text\/css\">.fusion-body .fusion-builder-column-0{width:100% !important;margin-top : 0px;margin-bottom : 20px;}.fusion-builder-column-0 > .fusion-column-wrapper {padding-top : 0px !important;padding-right : 0px !important;margin-right : 1.92%;padding-bottom : 0px !important;padding-left : 0px !important;margin-left : 1.92%;}@media only screen and (max-width:1024px) {.fusion-body .fusion-builder-column-0{width:100% !important;order : 0;}.fusion-builder-column-0 > .fusion-column-wrapper {margin-right : 1.92%;margin-left : 1.92%;}}@media only screen and (max-width:640px) {.fusion-body .fusion-builder-column-0{width:100% !important;order : 0;}.fusion-builder-column-0 > .fusion-column-wrapper {margin-right : 1.92%;margin-left : 1.92%;}}<\/style><\/div><style type=\"text\/css\">.fusion-body .fusion-flex-container.fusion-builder-row-1{ padding-top : 0px;margin-top : 0px;padding-right : 0px;padding-bottom : 0px;margin-bottom : 0px;padding-left : 0px;}<\/style><\/div><div class=\"fusion-fullwidth fullwidth-box fusion-builder-row-2 fusion-flex-container nonhundred-percent-fullwidth non-hundred-percent-height-scrolling\" style=\"background-color: rgba(255,255,255,0);background-position: center center;background-repeat: no-repeat;border-width: 0px 0px 0px 0px;border-color:#e2e2e2;border-style:solid;\" ><div class=\"fusion-builder-row fusion-row fusion-flex-align-items-flex-start\" style=\"max-width:1497.6px;margin-left: calc(-4% \/ 2 );margin-right: calc(-4% \/ 2 );\"><div class=\"fusion-layout-column fusion_builder_column fusion-builder-column-1 fusion_builder_column_1_2 1_2 fusion-flex-column\"><div class=\"fusion-column-wrapper fusion-flex-justify-content-flex-start fusion-content-layout-column lazyload\" style=\"background-image:inherit;background-position:left top;background-repeat:no-repeat;-webkit-background-size:cover;-moz-background-size:cover;-o-background-size:cover;background-size:cover;padding: 0px 0px 0px 0px;\" data-bg-url=\"https:\/\/calafellevasion.com\/wp-content\/uploads\/2023\/10\/260574-Santander-Cathedral-300x169.jpg\" data-bg-image=\"url(&#039;https:\/\/calafellevasion.com\/wp-content\/uploads\/2023\/10\/260574-Santander-Cathedral-300x169.jpg&#039;)\"><\/div><\/div><style type=\"text\/css\">.fusion-body .fusion-builder-column-1{width:50% !important;margin-top : 0px;margin-bottom : 20px;}.fusion-builder-column-1 > .fusion-column-wrapper {padding-top : 0px !important;padding-right : 0px !important;margin-right : 3.84%;padding-bottom : 0px !important;padding-left : 0px !important;margin-left : 3.84%;}@media only screen and (max-width:1024px) {.fusion-body .fusion-builder-column-1{width:50% !important;order : 0;}.fusion-builder-column-1 > .fusion-column-wrapper {margin-right : 3.84%;margin-left : 3.84%;}}@media only screen and (max-width:640px) {.fusion-body .fusion-builder-column-1{width:100% !important;order : 0;}.fusion-builder-column-1 > .fusion-column-wrapper {margin-right : 1.92%;margin-left : 1.92%;}}<\/style><div class=\"fusion-layout-column fusion_builder_column fusion-builder-column-2 fusion_builder_column_1_2 1_2 fusion-flex-column\"><div class=\"fusion-column-wrapper fusion-flex-justify-content-flex-start fusion-content-layout-column\" style=\"background-position:left top;background-repeat:no-repeat;-webkit-background-size:cover;-moz-background-size:cover;-o-background-size:cover;background-size:cover;padding: 0px 0px 0px 0px;\"><style type=\"text\/css\">@media only screen and (max-width:1024px) {.fusion-title.fusion-title-1{margin-top:10px!important;margin-bottom:15px!important;}}@media only screen and (max-width:640px) {.fusion-title.fusion-title-1{margin-top:10px!important;margin-bottom:10px!important;}}<\/style><div class=\"fusion-title title fusion-title-1 fusion-title-text fusion-title-size-three\" style=\"margin-top:10px;margin-bottom:15px;\"><div class=\"title-sep-container title-sep-container-left fusion-no-large-visibility fusion-no-medium-visibility fusion-no-small-visibility\"><div class=\"title-sep sep-double sep-solid\" style=\"border-color:#e2e2e2;\"><\/div><\/div><h3 class=\"title-heading-left\" style=\"margin:0;\"><h4>Santander : l&rsquo;\u00e9l\u00e9gante capitale de la Cantabrie<\/h4><\/h3><div class=\"title-sep-container title-sep-container-right\"><div class=\"title-sep sep-double sep-solid\" style=\"border-color:#e2e2e2;\"><\/div><\/div><\/div><div class=\"fusion-text fusion-text-2\" style=\"transform:translate3d(0,0,0);\"><p>La capitale de la Cantabrie, Santander est une ville c\u00f4ti\u00e8re avec une atmosph\u00e8re sophistiqu\u00e9e et de belles plages. Certains lieux d&rsquo;int\u00e9r\u00eat comprennent :<\/p>\n<ul>\n<li><strong>Plage El Sardinero :<\/strong> Une \u00e9tendue de plage dor\u00e9e o\u00f9 vous pourrez profiter du soleil et de la mer.<\/li>\n<li><strong>Palacio de la Magdalena :<\/strong> Un magnifique palais sur la c\u00f4te avec de vastes jardins \u00e0 explorer.<\/li>\n<li><strong>Cath\u00e9drale de Santander :<\/strong> Une cath\u00e9drale impressionnante qui combine des \u00e9l\u00e9ments gothiques et Renaissance.<\/li>\n<\/ul>\n<\/div><\/div><\/div><style type=\"text\/css\">.fusion-body .fusion-builder-column-2{width:50% !important;margin-top : 0px;margin-bottom : 20px;}.fusion-builder-column-2 > .fusion-column-wrapper {padding-top : 0px !important;padding-right : 0px !important;margin-right : 3.84%;padding-bottom : 0px !important;padding-left : 0px !important;margin-left : 3.84%;}@media only screen and (max-width:1024px) {.fusion-body .fusion-builder-column-2{width:50% !important;order : 0;}.fusion-builder-column-2 > .fusion-column-wrapper {margin-right : 3.84%;margin-left : 3.84%;}}@media only screen and (max-width:640px) {.fusion-body .fusion-builder-column-2{width:100% !important;order : 0;}.fusion-builder-column-2 > .fusion-column-wrapper {margin-right : 1.92%;margin-left : 1.92%;}}<\/style><div class=\"fusion-layout-column fusion_builder_column fusion-builder-column-3 fusion_builder_column_1_2 1_2 fusion-flex-column\"><div class=\"fusion-column-wrapper fusion-flex-justify-content-flex-start fusion-content-layout-column\" style=\"background-position:left top;background-repeat:no-repeat;-webkit-background-size:cover;-moz-background-size:cover;-o-background-size:cover;background-size:cover;padding: 0px 0px 0px 0px;\"><style type=\"text\/css\">@media only screen and (max-width:1024px) {.fusion-title.fusion-title-2{margin-top:10px!important;margin-bottom:15px!important;}}@media only screen and (max-width:640px) {.fusion-title.fusion-title-2{margin-top:10px!important;margin-bottom:10px!important;}}<\/style><div class=\"fusion-title title fusion-title-2 fusion-title-text fusion-title-size-three\" style=\"margin-top:10px;margin-bottom:15px;\"><div class=\"title-sep-container title-sep-container-left fusion-no-large-visibility fusion-no-medium-visibility fusion-no-small-visibility\"><div class=\"title-sep sep-double sep-solid\" style=\"border-color:#e2e2e2;\"><\/div><\/div><h3 class=\"title-heading-left\" style=\"margin:0;\"><h4>Los Picos de Europa : Montagnes et Nature<\/h4><\/h3><div class=\"title-sep-container title-sep-container-right\"><div class=\"title-sep sep-double sep-solid\" style=\"border-color:#e2e2e2;\"><\/div><\/div><\/div><div class=\"fusion-text fusion-text-3\" style=\"transform:translate3d(0,0,0);\"><p>Los Picos de Europa, une cha\u00eene de montagnes spectaculaire, sont un point culminant de la Cantabrie pour les amoureux de la nature et de la randonn\u00e9e. Quelques lieux remarquables sont :<\/p>\n<ul>\n<li><strong>T\u00e9l\u00e9ph\u00e9rique de Fuente D\u00e9 :<\/strong> Une fa\u00e7on passionante d&rsquo;atteindre le sommet des montagnes et de profiter de superbes vues panoramiques.<\/li>\n<li><strong>Route du Cares :<\/strong> Une promenade spectaculaire le long d&rsquo;une gorge escarp\u00e9e.<\/li>\n<li><strong>Potes :<\/strong> Une ville pittoresque\u00a0au pied des Picos de Europa avec un riche patrimoine culturel.<\/li>\n<\/ul>\n<\/div><\/div><\/div><style type=\"text\/css\">.fusion-body .fusion-builder-column-3{width:50% !important;margin-top : 0px;margin-bottom : 20px;}.fusion-builder-column-3 > .fusion-column-wrapper {padding-top : 0px !important;padding-right : 0px !important;margin-right : 3.84%;padding-bottom : 0px !important;padding-left : 0px !important;margin-left : 3.84%;}@media only screen and (max-width:1024px) {.fusion-body .fusion-builder-column-3{width:50% !important;order : 0;}.fusion-builder-column-3 > .fusion-column-wrapper {margin-right : 3.84%;margin-left : 3.84%;}}@media only screen and (max-width:640px) {.fusion-body .fusion-builder-column-3{width:100% !important;order : 0;}.fusion-builder-column-3 > .fusion-column-wrapper {margin-right : 1.92%;margin-left : 1.92%;}}<\/style><div class=\"fusion-layout-column fusion_builder_column fusion-builder-column-4 fusion_builder_column_1_2 1_2 fusion-flex-column\"><div class=\"fusion-column-wrapper fusion-flex-justify-content-flex-start fusion-content-layout-column lazyload\" style=\"background-image:inherit;background-position:left top;background-repeat:no-repeat;-webkit-background-size:cover;-moz-background-size:cover;-o-background-size:cover;background-size:cover;padding: 0px 0px 0px 0px;\" data-bg-url=\"https:\/\/calafellevasion.com\/wp-content\/uploads\/2023\/10\/PICOS-DE-EUROPA-1-300x200.jpg\" data-bg-image=\"url(&#039;https:\/\/calafellevasion.com\/wp-content\/uploads\/2023\/10\/PICOS-DE-EUROPA-1-300x200.jpg&#039;)\"><\/div><\/div><style type=\"text\/css\">.fusion-body .fusion-builder-column-4{width:50% !important;margin-top : 0px;margin-bottom : 20px;}.fusion-builder-column-4 > .fusion-column-wrapper {padding-top : 0px !important;padding-right : 0px !important;margin-right : 3.84%;padding-bottom : 0px !important;padding-left : 0px !important;margin-left : 3.84%;}@media only screen and (max-width:1024px) {.fusion-body .fusion-builder-column-4{width:50% !important;order : 0;}.fusion-builder-column-4 > .fusion-column-wrapper {margin-right : 3.84%;margin-left : 3.84%;}}@media only screen and (max-width:640px) {.fusion-body .fusion-builder-column-4{width:100% !important;order : 0;}.fusion-builder-column-4 > .fusion-column-wrapper {margin-right : 1.92%;margin-left : 1.92%;}}<\/style><\/div><style type=\"text\/css\">.fusion-body .fusion-flex-container.fusion-builder-row-2{ padding-top : 0px;margin-top : 0px;padding-right : 0px;padding-bottom : 0px;margin-bottom : 0px;padding-left : 0px;}<\/style><\/div><div class=\"fusion-fullwidth fullwidth-box fusion-builder-row-3 fusion-flex-container nonhundred-percent-fullwidth non-hundred-percent-height-scrolling\" style=\"background-color: rgba(255,255,255,0);background-position: center center;background-repeat: no-repeat;border-width: 0px 0px 0px 0px;border-color:#e2e2e2;border-style:solid;\" ><div class=\"fusion-builder-row fusion-row fusion-flex-align-items-flex-start\" style=\"max-width:1497.6px;margin-left: calc(-4% \/ 2 );margin-right: calc(-4% \/ 2 );\"><div class=\"fusion-layout-column fusion_builder_column fusion-builder-column-5 fusion_builder_column_1_2 1_2 fusion-flex-column\"><div class=\"fusion-column-wrapper fusion-flex-justify-content-flex-start fusion-content-layout-column lazyload\" style=\"background-image:inherit;background-position:left top;background-repeat:no-repeat;-webkit-background-size:cover;-moz-background-size:cover;-o-background-size:cover;background-size:cover;padding: 0px 0px 0px 0px;\" data-bg-url=\"https:\/\/calafellevasion.com\/wp-content\/uploads\/2023\/09\/51306359436_57029caef7-300x135.jpg\" data-bg-image=\"url(&#039;https:\/\/calafellevasion.com\/wp-content\/uploads\/2023\/09\/51306359436_57029caef7-300x135.jpg&#039;)\"><\/div><\/div><style type=\"text\/css\">.fusion-body .fusion-builder-column-5{width:50% !important;margin-top : 0px;margin-bottom : 20px;}.fusion-builder-column-5 > .fusion-column-wrapper {padding-top : 0px !important;padding-right : 0px !important;margin-right : 3.84%;padding-bottom : 0px !important;padding-left : 0px !important;margin-left : 3.84%;}@media only screen and (max-width:1024px) {.fusion-body .fusion-builder-column-5{width:50% !important;order : 0;}.fusion-builder-column-5 > .fusion-column-wrapper {margin-right : 3.84%;margin-left : 3.84%;}}@media only screen and (max-width:640px) {.fusion-body .fusion-builder-column-5{width:100% !important;order : 0;}.fusion-builder-column-5 > .fusion-column-wrapper {margin-right : 1.92%;margin-left : 1.92%;}}<\/style><div class=\"fusion-layout-column fusion_builder_column fusion-builder-column-6 fusion_builder_column_1_2 1_2 fusion-flex-column\"><div class=\"fusion-column-wrapper fusion-flex-justify-content-flex-start fusion-content-layout-column\" style=\"background-position:left top;background-repeat:no-repeat;-webkit-background-size:cover;-moz-background-size:cover;-o-background-size:cover;background-size:cover;padding: 0px 0px 0px 0px;\"><style type=\"text\/css\">@media only screen and (max-width:1024px) {.fusion-title.fusion-title-3{margin-top:10px!important;margin-bottom:15px!important;}}@media only screen and (max-width:640px) {.fusion-title.fusion-title-3{margin-top:10px!important;margin-bottom:10px!important;}}<\/style><div class=\"fusion-title title fusion-title-3 fusion-title-text fusion-title-size-three\" style=\"margin-top:10px;margin-bottom:15px;\"><div class=\"title-sep-container title-sep-container-left fusion-no-large-visibility fusion-no-medium-visibility fusion-no-small-visibility\"><div class=\"title-sep sep-double sep-solid\" style=\"border-color:#e2e2e2;\"><\/div><\/div><h3 class=\"title-heading-left\" style=\"margin:0;\"><h4>Comillas : tr\u00e9sors architecturaux<\/h4><\/h3><div class=\"title-sep-container title-sep-container-right\"><div class=\"title-sep sep-double sep-solid\" style=\"border-color:#e2e2e2;\"><\/div><\/div><\/div><div class=\"fusion-text fusion-text-4\" style=\"transform:translate3d(0,0,0);\"><p>Comillas est une charmante ville c\u00f4ti\u00e8re connue pour son architecture moderniste et ses belles plages. Certains endroits notables incluent :<\/p>\n<ul>\n<li><strong>El Capricho de Gaud\u00ed :<\/strong> Une maison moderniste con\u00e7ue par le c\u00e9l\u00e8bre architecte Antoni Gaud\u00ed.<\/li>\n<li><strong>Plage de Comillas :<\/strong> Une plage tranquille avec vue sur la mer et un grand nombre de restaurants et de bars.<\/li>\n<li><strong>Universit\u00e9 pontificale de Comillas :<\/strong> Un b\u00e2timent historique impressionant qui abrite une universit\u00e9.<\/li>\n<\/ul>\n<\/div><\/div><\/div><style type=\"text\/css\">.fusion-body .fusion-builder-column-6{width:50% !important;margin-top : 0px;margin-bottom : 20px;}.fusion-builder-column-6 > .fusion-column-wrapper {padding-top : 0px !important;padding-right : 0px !important;margin-right : 3.84%;padding-bottom : 0px !important;padding-left : 0px !important;margin-left : 3.84%;}@media only screen and (max-width:1024px) {.fusion-body .fusion-builder-column-6{width:50% !important;order : 0;}.fusion-builder-column-6 > .fusion-column-wrapper {margin-right : 3.84%;margin-left : 3.84%;}}@media only screen and (max-width:640px) {.fusion-body .fusion-builder-column-6{width:100% !important;order : 0;}.fusion-builder-column-6 > .fusion-column-wrapper {margin-right : 1.92%;margin-left : 1.92%;}}<\/style><\/div><style type=\"text\/css\">.fusion-body .fusion-flex-container.fusion-builder-row-3{ padding-top : 0px;margin-top : 0px;padding-right : 0px;padding-bottom : 0px;margin-bottom : 0px;padding-left : 0px;}<\/style><\/div><div class=\"fusion-fullwidth fullwidth-box fusion-builder-row-4 fusion-flex-container nonhundred-percent-fullwidth non-hundred-percent-height-scrolling\" style=\"background-color: rgba(255,255,255,0);background-position: center center;background-repeat: no-repeat;border-width: 0px 0px 0px 0px;border-color:#e2e2e2;border-style:solid;\" ><div class=\"fusion-builder-row fusion-row fusion-flex-align-items-flex-start\" style=\"max-width:1497.6px;margin-left: calc(-4% \/ 2 );margin-right: calc(-4% \/ 2 );\"><div class=\"fusion-layout-column fusion_builder_column fusion-builder-column-7 fusion_builder_column_1_2 1_2 fusion-flex-column\"><div class=\"fusion-column-wrapper fusion-flex-justify-content-flex-start fusion-content-layout-column\" style=\"background-position:left top;background-repeat:no-repeat;-webkit-background-size:cover;-moz-background-size:cover;-o-background-size:cover;background-size:cover;padding: 0px 0px 0px 0px;\"><style type=\"text\/css\">@media only screen and (max-width:1024px) {.fusion-title.fusion-title-4{margin-top:10px!important;margin-bottom:15px!important;}}@media only screen and (max-width:640px) {.fusion-title.fusion-title-4{margin-top:10px!important;margin-bottom:10px!important;}}<\/style><div class=\"fusion-title title fusion-title-4 fusion-title-text fusion-title-size-three\" style=\"margin-top:10px;margin-bottom:15px;\"><div class=\"title-sep-container title-sep-container-left fusion-no-large-visibility fusion-no-medium-visibility fusion-no-small-visibility\"><div class=\"title-sep sep-double sep-solid\" style=\"border-color:#e2e2e2;\"><\/div><\/div><h3 class=\"title-heading-left\" style=\"margin:0;\"><h4>Santillana del Mar : tr\u00e9sor m\u00e9di\u00e9val<\/h4><\/h3><div class=\"title-sep-container title-sep-container-right\"><div class=\"title-sep sep-double sep-solid\" style=\"border-color:#e2e2e2;\"><\/div><\/div><\/div><div class=\"fusion-text fusion-text-5\" style=\"transform:translate3d(0,0,0);\"><p>Santillana del Mar est une ville m\u00e9di\u00e9vale parfaitement conserv\u00e9e qui vous donnera l&rsquo;impression de remonter le temps. Quelques lieux remarquables sont :<\/p>\n<ul>\n<li><strong>Coll\u00e9giale de Santa Juliana :<\/strong> Une belle \u00e9glise romane datant du XII\u00e8me si\u00e8cle.<\/li>\n<li><strong>Mus\u00e9e d&rsquo;Altamira :<\/strong> Un mus\u00e9e pr\u00e9sentant la c\u00e9l\u00e8bre grotte d&rsquo;Altamira et ses peintures pr\u00e9historiques.<\/li>\n<li><strong>Casa de las Doncellas :<\/strong> Une ancienne maison noble qui est aujourd&rsquo;hui un mus\u00e9e.<\/li>\n<\/ul>\n<\/div><\/div><\/div><style type=\"text\/css\">.fusion-body .fusion-builder-column-7{width:50% !important;margin-top : 0px;margin-bottom : 20px;}.fusion-builder-column-7 > .fusion-column-wrapper {padding-top : 0px !important;padding-right : 0px !important;margin-right : 3.84%;padding-bottom : 0px !important;padding-left : 0px !important;margin-left : 3.84%;}@media only screen and (max-width:1024px) {.fusion-body .fusion-builder-column-7{width:50% !important;order : 0;}.fusion-builder-column-7 > .fusion-column-wrapper {margin-right : 3.84%;margin-left : 3.84%;}}@media only screen and (max-width:640px) {.fusion-body .fusion-builder-column-7{width:100% !important;order : 0;}.fusion-builder-column-7 > .fusion-column-wrapper {margin-right : 1.92%;margin-left : 1.92%;}}<\/style><div class=\"fusion-layout-column fusion_builder_column fusion-builder-column-8 fusion_builder_column_1_2 1_2 fusion-flex-column\"><div class=\"fusion-column-wrapper fusion-flex-justify-content-flex-start fusion-content-layout-column lazyload\" style=\"background-image:inherit;background-position:left top;background-repeat:no-repeat;-webkit-background-size:cover;-moz-background-size:cover;-o-background-size:cover;background-size:cover;padding: 0px 0px 0px 0px;\" data-bg-url=\"https:\/\/calafellevasion.com\/wp-content\/uploads\/2023\/09\/calle-empedrada-santillana-mar-cantabria-300x200.jpg\" data-bg-image=\"url(&#039;https:\/\/calafellevasion.com\/wp-content\/uploads\/2023\/09\/calle-empedrada-santillana-mar-cantabria-300x200.jpg&#039;)\"><\/div><\/div><style type=\"text\/css\">.fusion-body .fusion-builder-column-8{width:50% !important;margin-top : 0px;margin-bottom : 20px;}.fusion-builder-column-8 > .fusion-column-wrapper {padding-top : 0px !important;padding-right : 0px !important;margin-right : 3.84%;padding-bottom : 0px !important;padding-left : 0px !important;margin-left : 3.84%;}@media only screen and (max-width:1024px) {.fusion-body .fusion-builder-column-8{width:50% !important;order : 0;}.fusion-builder-column-8 > .fusion-column-wrapper {margin-right : 3.84%;margin-left : 3.84%;}}@media only screen and (max-width:640px) {.fusion-body .fusion-builder-column-8{width:100% !important;order : 0;}.fusion-builder-column-8 > .fusion-column-wrapper {margin-right : 1.92%;margin-left : 1.92%;}}<\/style><\/div><style type=\"text\/css\">.fusion-body .fusion-flex-container.fusion-builder-row-4{ padding-top : 0px;margin-top : 0px;padding-right : 0px;padding-bottom : 0px;margin-bottom : 0px;padding-left : 0px;}<\/style><\/div><div class=\"fusion-fullwidth fullwidth-box fusion-builder-row-5 fusion-flex-container nonhundred-percent-fullwidth non-hundred-percent-height-scrolling\" style=\"background-color: rgba(255,255,255,0);background-position: center center;background-repeat: no-repeat;border-width: 0px 0px 0px 0px;border-color:#e2e2e2;border-style:solid;\" ><div class=\"fusion-builder-row fusion-row fusion-flex-align-items-flex-start\" style=\"max-width:1497.6px;margin-left: calc(-4% \/ 2 );margin-right: calc(-4% \/ 2 );\"><div class=\"fusion-layout-column fusion_builder_column fusion-builder-column-9 fusion_builder_column_1_1 1_1 fusion-flex-column\"><div class=\"fusion-column-wrapper fusion-flex-justify-content-flex-start fusion-content-layout-column\" style=\"background-position:left top;background-repeat:no-repeat;-webkit-background-size:cover;-moz-background-size:cover;-o-background-size:cover;background-size:cover;padding: 0px 0px 0px 0px;\"><div class=\"fusion-text fusion-text-6\" style=\"transform:translate3d(0,0,0);\"><p>La Cantabrie est une destination qui allie parfaitement histoire, nature et culture. Que vous souhaitiez explorer les montagnes, vous d\u00e9tendre sur la c\u00f4te ou vous plonger dans l&rsquo;histoire m\u00e9di\u00e9vale, la Cantabrie a quelque chose \u00e0 offrir \u00e0 chaque voyageur. N&rsquo;h\u00e9sitez pas \u00e0 planifier votre prochaine aventure dans cette belle r\u00e9gion du nord de l&rsquo;Espagne !<\/p>\n<\/div><\/div><\/div><style type=\"text\/css\">.fusion-body .fusion-builder-column-9{width:100% !important;margin-top : 0px;margin-bottom : 20px;}.fusion-builder-column-9 > .fusion-column-wrapper {padding-top : 0px !important;padding-right : 0px !important;margin-right : 1.92%;padding-bottom : 0px !important;padding-left : 0px !important;margin-left : 1.92%;}@media only screen and (max-width:1024px) {.fusion-body .fusion-builder-column-9{width:100% !important;order : 0;}.fusion-builder-column-9 > .fusion-column-wrapper {margin-right : 1.92%;margin-left : 1.92%;}}@media only screen and (max-width:640px) {.fusion-body .fusion-builder-column-9{width:100% !important;order : 0;}.fusion-builder-column-9 > .fusion-column-wrapper {margin-right : 1.92%;margin-left : 1.92%;}}<\/style><\/div><style type=\"text\/css\">.fusion-body .fusion-flex-container.fusion-builder-row-5{ padding-top : 0px;margin-top : 0px;padding-right : 0px;padding-bottom : 0px;margin-bottom : 0px;padding-left : 0px;}<\/style><\/div><\/p>\n","protected":false},"excerpt":{"rendered":"","protected":false},"author":17,"featured_media":3353,"comment_status":"open","ping_status":"closed","sticky":false,"template":"","format":"standard","meta":{"om_disable_all_campaigns":false,"_monsterinsights_skip_tracking":false,"_monsterinsights_sitenote_active":false,"_monsterinsights_sitenote_note":"","_monsterinsights_sitenote_category":0,"_uf_show_specific_survey":0,"_uf_disable_surveys":false,"footnotes":""},"categories":[41],"tags":[91,95],"class_list":["post-2029","post","type-post","status-publish","format-standard","has-post-thumbnail","hentry","category-destinations-fr","tag-espana-fr","tag-spain-fr"],"yoast_head":"<!-- This site is optimized with the Yoast SEO plugin v24.6 - https:\/\/yoast.com\/wordpress\/plugins\/seo\/ -->\n<title>D\u00e9couvrez la Cantabrie - Calafell Evasi\u00f3n<\/title>\n<meta name=\"description\" content=\"Joyau cach\u00e9 du nord de l&#039;Espagne, la Cantabrie est une r\u00e9gion qui allie des paysages naturels \u00e9poustouflants \u00e0 un riche patrimoine culturel.\" \/>\n<meta name=\"robots\" content=\"index, follow, max-snippet:-1, max-image-preview:large, max-video-preview:-1\" \/>\n<link rel=\"canonical\" href=\"https:\/\/www.calafellevasion.com\/fr\/decouvrez-la-cantabrie\/\" \/>\n<meta property=\"og:locale\" content=\"fr_FR\" \/>\n<meta property=\"og:type\" content=\"article\" \/>\n<meta property=\"og:title\" content=\"D\u00e9couvrez la Cantabrie - Calafell Evasi\u00f3n\" \/>\n<meta property=\"og:description\" content=\"Joyau cach\u00e9 du nord de l&#039;Espagne, la Cantabrie est une r\u00e9gion qui allie des paysages naturels \u00e9poustouflants \u00e0 un riche patrimoine culturel.\" \/>\n<meta property=\"og:url\" content=\"https:\/\/www.calafellevasion.com\/fr\/decouvrez-la-cantabrie\/\" \/>\n<meta property=\"og:site_name\" content=\"Calafell Evasi\u00f3n\" \/>\n<meta property=\"article:publisher\" content=\"https:\/\/www.facebook.com\/CalafellEvasion\" \/>\n<meta property=\"article:published_time\" content=\"2023-09-21T08:01:30+00:00\" \/>\n<meta property=\"article:modified_time\" content=\"2024-08-30T12:46:10+00:00\" \/>\n<meta property=\"og:image\" content=\"https:\/\/www.calafellevasion.com\/wp-content\/uploads\/2024\/08\/calle-empedrada-santillana-mar-cantabria-1.webp\" \/>\n\t<meta property=\"og:image:width\" content=\"1200\" \/>\n\t<meta property=\"og:image:height\" content=\"800\" \/>\n\t<meta property=\"og:image:type\" content=\"image\/webp\" \/>\n<meta name=\"author\" content=\"Clarisse Dubois\" \/>\n<meta name=\"twitter:card\" content=\"summary_large_image\" \/>\n<meta name=\"twitter:label1\" content=\"\u00c9crit par\" \/>\n\t<meta name=\"twitter:data1\" content=\"Clarisse Dubois\" \/>\n\t<meta name=\"twitter:label2\" content=\"Dur\u00e9e de lecture estim\u00e9e\" \/>\n\t<meta name=\"twitter:data2\" content=\"11 minutes\" \/>\n<script type=\"application\/ld+json\" class=\"yoast-schema-graph\">{\"@context\":\"https:\/\/schema.org\",\"@graph\":[{\"@type\":\"WebPage\",\"@id\":\"https:\/\/www.calafellevasion.com\/fr\/decouvrez-la-cantabrie\/\",\"url\":\"https:\/\/www.calafellevasion.com\/fr\/decouvrez-la-cantabrie\/\",\"name\":\"D\u00e9couvrez la Cantabrie - Calafell Evasi\u00f3n\",\"isPartOf\":{\"@id\":\"https:\/\/calafellevasion.com\/#website\"},\"primaryImageOfPage\":{\"@id\":\"https:\/\/www.calafellevasion.com\/fr\/decouvrez-la-cantabrie\/#primaryimage\"},\"image\":{\"@id\":\"https:\/\/www.calafellevasion.com\/fr\/decouvrez-la-cantabrie\/#primaryimage\"},\"thumbnailUrl\":\"https:\/\/calafellevasion.com\/wp-content\/uploads\/2024\/08\/calle-empedrada-santillana-mar-cantabria-1.webp\",\"datePublished\":\"2023-09-21T08:01:30+00:00\",\"dateModified\":\"2024-08-30T12:46:10+00:00\",\"author\":{\"@id\":\"https:\/\/calafellevasion.com\/#\/schema\/person\/f53704cbd302e1dee99ec3d21290d2aa\"},\"description\":\"Joyau cach\u00e9 du nord de l'Espagne, la Cantabrie est une r\u00e9gion qui allie des paysages naturels \u00e9poustouflants \u00e0 un riche patrimoine culturel.\",\"breadcrumb\":{\"@id\":\"https:\/\/www.calafellevasion.com\/fr\/decouvrez-la-cantabrie\/#breadcrumb\"},\"inLanguage\":\"fr-FR\",\"potentialAction\":[{\"@type\":\"ReadAction\",\"target\":[\"https:\/\/www.calafellevasion.com\/fr\/decouvrez-la-cantabrie\/\"]}]},{\"@type\":\"ImageObject\",\"inLanguage\":\"fr-FR\",\"@id\":\"https:\/\/www.calafellevasion.com\/fr\/decouvrez-la-cantabrie\/#primaryimage\",\"url\":\"https:\/\/calafellevasion.com\/wp-content\/uploads\/2024\/08\/calle-empedrada-santillana-mar-cantabria-1.webp\",\"contentUrl\":\"https:\/\/calafellevasion.com\/wp-content\/uploads\/2024\/08\/calle-empedrada-santillana-mar-cantabria-1.webp\",\"width\":1200,\"height\":800,\"caption\":\"Cantabrie\"},{\"@type\":\"BreadcrumbList\",\"@id\":\"https:\/\/www.calafellevasion.com\/fr\/decouvrez-la-cantabrie\/#breadcrumb\",\"itemListElement\":[{\"@type\":\"ListItem\",\"position\":1,\"name\":\"Home\",\"item\":\"https:\/\/calafellevasion.com\/fr\/\"},{\"@type\":\"ListItem\",\"position\":2,\"name\":\"D\u00e9couvrez la Cantabrie\"}]},{\"@type\":\"WebSite\",\"@id\":\"https:\/\/calafellevasion.com\/#website\",\"url\":\"https:\/\/calafellevasion.com\/\",\"name\":\"Calafell Evasi\u00f3n\",\"description\":\"\",\"potentialAction\":[{\"@type\":\"SearchAction\",\"target\":{\"@type\":\"EntryPoint\",\"urlTemplate\":\"https:\/\/calafellevasion.com\/?s={search_term_string}\"},\"query-input\":{\"@type\":\"PropertyValueSpecification\",\"valueRequired\":true,\"valueName\":\"search_term_string\"}}],\"inLanguage\":\"fr-FR\"},{\"@type\":\"Person\",\"@id\":\"https:\/\/calafellevasion.com\/#\/schema\/person\/f53704cbd302e1dee99ec3d21290d2aa\",\"name\":\"Clarisse Dubois\",\"image\":{\"@type\":\"ImageObject\",\"inLanguage\":\"fr-FR\",\"@id\":\"https:\/\/calafellevasion.com\/#\/schema\/person\/image\/\",\"url\":\"https:\/\/secure.gravatar.com\/avatar\/4ea04cd1d54f6ade1069e313fd0e5cf90d6e1a2fac0b28d6dde28c3a1dc5174a?s=96&d=mm&r=g\",\"contentUrl\":\"https:\/\/secure.gravatar.com\/avatar\/4ea04cd1d54f6ade1069e313fd0e5cf90d6e1a2fac0b28d6dde28c3a1dc5174a?s=96&d=mm&r=g\",\"caption\":\"Clarisse Dubois\"},\"url\":\"https:\/\/calafellevasion.com\/fr\/author\/marketing-luisa-de-page\/\"}]}<\/script>\n<!-- \/ Yoast SEO plugin. -->","yoast_head_json":{"title":"D\u00e9couvrez la Cantabrie - Calafell Evasi\u00f3n","description":"Joyau cach\u00e9 du nord de l'Espagne, la Cantabrie est une r\u00e9gion qui allie des paysages naturels \u00e9poustouflants \u00e0 un riche patrimoine culturel.","robots":{"index":"index","follow":"follow","max-snippet":"max-snippet:-1","max-image-preview":"max-image-preview:large","max-video-preview":"max-video-preview:-1"},"canonical":"https:\/\/www.calafellevasion.com\/fr\/decouvrez-la-cantabrie\/","og_locale":"fr_FR","og_type":"article","og_title":"D\u00e9couvrez la Cantabrie - Calafell Evasi\u00f3n","og_description":"Joyau cach\u00e9 du nord de l'Espagne, la Cantabrie est une r\u00e9gion qui allie des paysages naturels \u00e9poustouflants \u00e0 un riche patrimoine culturel.","og_url":"https:\/\/www.calafellevasion.com\/fr\/decouvrez-la-cantabrie\/","og_site_name":"Calafell Evasi\u00f3n","article_publisher":"https:\/\/www.facebook.com\/CalafellEvasion","article_published_time":"2023-09-21T08:01:30+00:00","article_modified_time":"2024-08-30T12:46:10+00:00","og_image":[{"width":1200,"height":800,"url":"https:\/\/www.calafellevasion.com\/wp-content\/uploads\/2024\/08\/calle-empedrada-santillana-mar-cantabria-1.webp","type":"image\/webp"}],"author":"Clarisse Dubois","twitter_card":"summary_large_image","twitter_misc":{"\u00c9crit par":"Clarisse Dubois","Dur\u00e9e de lecture estim\u00e9e":"11 minutes"},"schema":{"@context":"https:\/\/schema.org","@graph":[{"@type":"WebPage","@id":"https:\/\/www.calafellevasion.com\/fr\/decouvrez-la-cantabrie\/","url":"https:\/\/www.calafellevasion.com\/fr\/decouvrez-la-cantabrie\/","name":"D\u00e9couvrez la Cantabrie - Calafell Evasi\u00f3n","isPartOf":{"@id":"https:\/\/calafellevasion.com\/#website"},"primaryImageOfPage":{"@id":"https:\/\/www.calafellevasion.com\/fr\/decouvrez-la-cantabrie\/#primaryimage"},"image":{"@id":"https:\/\/www.calafellevasion.com\/fr\/decouvrez-la-cantabrie\/#primaryimage"},"thumbnailUrl":"https:\/\/calafellevasion.com\/wp-content\/uploads\/2024\/08\/calle-empedrada-santillana-mar-cantabria-1.webp","datePublished":"2023-09-21T08:01:30+00:00","dateModified":"2024-08-30T12:46:10+00:00","author":{"@id":"https:\/\/calafellevasion.com\/#\/schema\/person\/f53704cbd302e1dee99ec3d21290d2aa"},"description":"Joyau cach\u00e9 du nord de l'Espagne, la Cantabrie est une r\u00e9gion qui allie des paysages naturels \u00e9poustouflants \u00e0 un riche patrimoine culturel.","breadcrumb":{"@id":"https:\/\/www.calafellevasion.com\/fr\/decouvrez-la-cantabrie\/#breadcrumb"},"inLanguage":"fr-FR","potentialAction":[{"@type":"ReadAction","target":["https:\/\/www.calafellevasion.com\/fr\/decouvrez-la-cantabrie\/"]}]},{"@type":"ImageObject","inLanguage":"fr-FR","@id":"https:\/\/www.calafellevasion.com\/fr\/decouvrez-la-cantabrie\/#primaryimage","url":"https:\/\/calafellevasion.com\/wp-content\/uploads\/2024\/08\/calle-empedrada-santillana-mar-cantabria-1.webp","contentUrl":"https:\/\/calafellevasion.com\/wp-content\/uploads\/2024\/08\/calle-empedrada-santillana-mar-cantabria-1.webp","width":1200,"height":800,"caption":"Cantabrie"},{"@type":"BreadcrumbList","@id":"https:\/\/www.calafellevasion.com\/fr\/decouvrez-la-cantabrie\/#breadcrumb","itemListElement":[{"@type":"ListItem","position":1,"name":"Home","item":"https:\/\/calafellevasion.com\/fr\/"},{"@type":"ListItem","position":2,"name":"D\u00e9couvrez la Cantabrie"}]},{"@type":"WebSite","@id":"https:\/\/calafellevasion.com\/#website","url":"https:\/\/calafellevasion.com\/","name":"Calafell Evasi\u00f3n","description":"","potentialAction":[{"@type":"SearchAction","target":{"@type":"EntryPoint","urlTemplate":"https:\/\/calafellevasion.com\/?s={search_term_string}"},"query-input":{"@type":"PropertyValueSpecification","valueRequired":true,"valueName":"search_term_string"}}],"inLanguage":"fr-FR"},{"@type":"Person","@id":"https:\/\/calafellevasion.com\/#\/schema\/person\/f53704cbd302e1dee99ec3d21290d2aa","name":"Clarisse Dubois","image":{"@type":"ImageObject","inLanguage":"fr-FR","@id":"https:\/\/calafellevasion.com\/#\/schema\/person\/image\/","url":"https:\/\/secure.gravatar.com\/avatar\/4ea04cd1d54f6ade1069e313fd0e5cf90d6e1a2fac0b28d6dde28c3a1dc5174a?s=96&d=mm&r=g","contentUrl":"https:\/\/secure.gravatar.com\/avatar\/4ea04cd1d54f6ade1069e313fd0e5cf90d6e1a2fac0b28d6dde28c3a1dc5174a?s=96&d=mm&r=g","caption":"Clarisse Dubois"},"url":"https:\/\/calafellevasion.com\/fr\/author\/marketing-luisa-de-page\/"}]}},"_links":{"self":[{"href":"https:\/\/calafellevasion.com\/fr\/wp-json\/wp\/v2\/posts\/2029","targetHints":{"allow":["GET"]}}],"collection":[{"href":"https:\/\/calafellevasion.com\/fr\/wp-json\/wp\/v2\/posts"}],"about":[{"href":"https:\/\/calafellevasion.com\/fr\/wp-json\/wp\/v2\/types\/post"}],"author":[{"embeddable":true,"href":"https:\/\/calafellevasion.com\/fr\/wp-json\/wp\/v2\/users\/17"}],"replies":[{"embeddable":true,"href":"https:\/\/calafellevasion.com\/fr\/wp-json\/wp\/v2\/comments?post=2029"}],"version-history":[{"count":7,"href":"https:\/\/calafellevasion.com\/fr\/wp-json\/wp\/v2\/posts\/2029\/revisions"}],"predecessor-version":[{"id":3970,"href":"https:\/\/calafellevasion.com\/fr\/wp-json\/wp\/v2\/posts\/2029\/revisions\/3970"}],"wp:featuredmedia":[{"embeddable":true,"href":"https:\/\/calafellevasion.com\/fr\/wp-json\/wp\/v2\/media\/3353"}],"wp:attachment":[{"href":"https:\/\/calafellevasion.com\/fr\/wp-json\/wp\/v2\/media?parent=2029"}],"wp:term":[{"taxonomy":"category","embeddable":true,"href":"https:\/\/calafellevasion.com\/fr\/wp-json\/wp\/v2\/categories?post=2029"},{"taxonomy":"post_tag","embeddable":true,"href":"https:\/\/calafellevasion.com\/fr\/wp-json\/wp\/v2\/tags?post=2029"}],"curies":[{"name":"wp","href":"https:\/\/api.w.org\/{rel}","templated":true}]}}