{"id":2006,"date":"2023-09-21T09:59:17","date_gmt":"2023-09-21T07:59:17","guid":{"rendered":"https:\/\/calafellevasion.com\/?p=2006"},"modified":"2024-08-30T14:49:46","modified_gmt":"2024-08-30T12:49:46","slug":"decouvrez-la-beaute-a-couper-le-souffle-de-la-costa-brava-2","status":"publish","type":"post","link":"https:\/\/calafellevasion.com\/fr\/decouvrez-la-beaute-a-couper-le-souffle-de-la-costa-brava-2\/","title":{"rendered":"D\u00e9couvrez la beaut\u00e9 \u00e0 couper le souffle de la Costa Brava"},"content":{"rendered":"<p><div class=\"fusion-fullwidth fullwidth-box fusion-builder-row-1 fusion-flex-container nonhundred-percent-fullwidth non-hundred-percent-height-scrolling\" style=\"background-color: rgba(255,255,255,0);background-position: center center;background-repeat: no-repeat;border-width: 0px 0px 0px 0px;border-color:#e2e2e2;border-style:solid;\" ><div class=\"fusion-builder-row fusion-row fusion-flex-align-items-flex-start\" style=\"max-width:1497.6px;margin-left: calc(-4% \/ 2 );margin-right: calc(-4% \/ 2 );\"><div class=\"fusion-layout-column fusion_builder_column fusion-builder-column-0 fusion_builder_column_1_1 1_1 fusion-flex-column\"><div class=\"fusion-column-wrapper fusion-flex-justify-content-flex-start fusion-content-layout-column\" style=\"background-position:left top;background-repeat:no-repeat;-webkit-background-size:cover;-moz-background-size:cover;-o-background-size:cover;background-size:cover;padding: 0px 0px 0px 0px;\"><div class=\"fusion-text fusion-text-1\" style=\"transform:translate3d(0,0,0);\"><p>La Costa Brava, situ\u00e9e dans la r\u00e9gion de Catalogne, au nord-est de l&rsquo;Espagne, est un joyau c\u00f4tier qui captive les visiteurs par sa beaut\u00e9 naturelle \u00e9poustouflante, sa culture charmante et sa d\u00e9licieuse cuisine m\u00e9diterran\u00e9enne. Dans ce blog, nous vous emm\u00e8nerons dans un voyage virtuel autour de la Costa Brava, mettant en lumi\u00e8re ses plages de r\u00eave, ses charmants villages de p\u00eacheurs, sa riche histoire et sa sc\u00e8ne gastronomique dynamique.<\/p>\n<\/div><\/div><\/div><style type=\"text\/css\">.fusion-body .fusion-builder-column-0{width:100% !important;margin-top : 0px;margin-bottom : 20px;}.fusion-builder-column-0 > .fusion-column-wrapper {padding-top : 0px !important;padding-right : 0px !important;margin-right : 1.92%;padding-bottom : 0px !important;padding-left : 0px !important;margin-left : 1.92%;}@media only screen and (max-width:1024px) {.fusion-body .fusion-builder-column-0{width:100% !important;order : 0;}.fusion-builder-column-0 > .fusion-column-wrapper {margin-right : 1.92%;margin-left : 1.92%;}}@media only screen and (max-width:640px) {.fusion-body .fusion-builder-column-0{width:100% !important;order : 0;}.fusion-builder-column-0 > .fusion-column-wrapper {margin-right : 1.92%;margin-left : 1.92%;}}<\/style><\/div><style type=\"text\/css\">.fusion-body .fusion-flex-container.fusion-builder-row-1{ padding-top : 0px;margin-top : 0px;padding-right : 0px;padding-bottom : 0px;margin-bottom : 0px;padding-left : 0px;}<\/style><\/div><div class=\"fusion-fullwidth fullwidth-box fusion-builder-row-2 fusion-flex-container nonhundred-percent-fullwidth non-hundred-percent-height-scrolling\" style=\"background-color: rgba(255,255,255,0);background-position: center center;background-repeat: no-repeat;border-width: 0px 0px 0px 0px;border-color:#e2e2e2;border-style:solid;\" ><div class=\"fusion-builder-row fusion-row fusion-flex-align-items-flex-start\" style=\"max-width:1497.6px;margin-left: calc(-4% \/ 2 );margin-right: calc(-4% \/ 2 );\"><div class=\"fusion-layout-column fusion_builder_column fusion-builder-column-1 fusion_builder_column_1_2 1_2 fusion-flex-column\"><div class=\"fusion-column-wrapper fusion-flex-justify-content-flex-start fusion-content-layout-column lazyload\" style=\"background-image:inherit;background-position:left top;background-repeat:no-repeat;-webkit-background-size:cover;-moz-background-size:cover;-o-background-size:cover;background-size:cover;padding: 0px 0px 0px 0px;\" data-bg-url=\"https:\/\/calafellevasion.com\/wp-content\/uploads\/2023\/10\/costa-brava-2-300x225.jpg\" data-bg-image=\"url(&#039;https:\/\/calafellevasion.com\/wp-content\/uploads\/2023\/10\/costa-brava-2-300x225.jpg&#039;)\"><\/div><\/div><style type=\"text\/css\">.fusion-body .fusion-builder-column-1{width:50% !important;margin-top : 0px;margin-bottom : 20px;}.fusion-builder-column-1 > .fusion-column-wrapper {padding-top : 0px !important;padding-right : 0px !important;margin-right : 3.84%;padding-bottom : 0px !important;padding-left : 0px !important;margin-left : 3.84%;}@media only screen and (max-width:1024px) {.fusion-body .fusion-builder-column-1{width:50% !important;order : 0;}.fusion-builder-column-1 > .fusion-column-wrapper {margin-right : 3.84%;margin-left : 3.84%;}}@media only screen and (max-width:640px) {.fusion-body .fusion-builder-column-1{width:100% !important;order : 0;}.fusion-builder-column-1 > .fusion-column-wrapper {margin-right : 1.92%;margin-left : 1.92%;}}<\/style><div class=\"fusion-layout-column fusion_builder_column fusion-builder-column-2 fusion_builder_column_1_2 1_2 fusion-flex-column\"><div class=\"fusion-column-wrapper fusion-flex-justify-content-flex-start fusion-content-layout-column\" style=\"background-position:left top;background-repeat:no-repeat;-webkit-background-size:cover;-moz-background-size:cover;-o-background-size:cover;background-size:cover;padding: 0px 0px 0px 0px;\"><style type=\"text\/css\">@media only screen and (max-width:1024px) {.fusion-title.fusion-title-1{margin-top:10px!important;margin-bottom:15px!important;}}@media only screen and (max-width:640px) {.fusion-title.fusion-title-1{margin-top:10px!important;margin-bottom:10px!important;}}<\/style><div class=\"fusion-title title fusion-title-1 fusion-title-text fusion-title-size-three\" style=\"margin-top:10px;margin-bottom:15px;\"><div class=\"title-sep-container title-sep-container-left fusion-no-large-visibility fusion-no-medium-visibility fusion-no-small-visibility\"><div class=\"title-sep sep-double sep-solid\" style=\"border-color:#e2e2e2;\"><\/div><\/div><h3 class=\"title-heading-left\" style=\"margin:0;\"><h4>Des plages de r\u00eaves :<\/h4><\/h3><div class=\"title-sep-container title-sep-container-right\"><div class=\"title-sep sep-double sep-solid\" style=\"border-color:#e2e2e2;\"><\/div><\/div><\/div><div class=\"fusion-text fusion-text-2\" style=\"transform:translate3d(0,0,0);\"><p>La Costa Brava est c\u00e9l\u00e8bre pour ses plages aux eaux cristallines et au sable dor\u00e9. Playa de Aro est une destination pris\u00e9e des amoureux du soleil et de la mer, avec un large \u00e9ventail d&rsquo;activit\u00e9s nautiques. La plage de Sa Tuna, \u00e0 Begur, est une petite crique pittoresque entour\u00e9e de falaises. De plus, vous ne pouvez pas manquer la plage de Santa Cristina, pr\u00e8s de Lloret de Mar, qui allie beaut\u00e9 naturelle et installations modernes.<\/p>\n<\/div><\/div><\/div><style type=\"text\/css\">.fusion-body .fusion-builder-column-2{width:50% !important;margin-top : 0px;margin-bottom : 20px;}.fusion-builder-column-2 > .fusion-column-wrapper {padding-top : 0px !important;padding-right : 0px !important;margin-right : 3.84%;padding-bottom : 0px !important;padding-left : 0px !important;margin-left : 3.84%;}@media only screen and (max-width:1024px) {.fusion-body .fusion-builder-column-2{width:50% !important;order : 0;}.fusion-builder-column-2 > .fusion-column-wrapper {margin-right : 3.84%;margin-left : 3.84%;}}@media only screen and (max-width:640px) {.fusion-body .fusion-builder-column-2{width:100% !important;order : 0;}.fusion-builder-column-2 > .fusion-column-wrapper {margin-right : 1.92%;margin-left : 1.92%;}}<\/style><\/div><style type=\"text\/css\">.fusion-body .fusion-flex-container.fusion-builder-row-2{ padding-top : 0px;margin-top : 0px;padding-right : 0px;padding-bottom : 0px;margin-bottom : 0px;padding-left : 0px;}<\/style><\/div><div class=\"fusion-fullwidth fullwidth-box fusion-builder-row-3 fusion-flex-container nonhundred-percent-fullwidth non-hundred-percent-height-scrolling\" style=\"background-color: rgba(255,255,255,0);background-position: center center;background-repeat: no-repeat;border-width: 0px 0px 0px 0px;border-color:#e2e2e2;border-style:solid;\" ><div class=\"fusion-builder-row fusion-row fusion-flex-align-items-flex-start\" style=\"max-width:1497.6px;margin-left: calc(-4% \/ 2 );margin-right: calc(-4% \/ 2 );\"><div class=\"fusion-layout-column fusion_builder_column fusion-builder-column-3 fusion_builder_column_1_2 1_2 fusion-flex-column\"><div class=\"fusion-column-wrapper fusion-flex-justify-content-flex-start fusion-content-layout-column\" style=\"background-position:left top;background-repeat:no-repeat;-webkit-background-size:cover;-moz-background-size:cover;-o-background-size:cover;background-size:cover;padding: 0px 0px 0px 0px;\"><style type=\"text\/css\">@media only screen and (max-width:1024px) {.fusion-title.fusion-title-2{margin-top:10px!important;margin-bottom:15px!important;}}@media only screen and (max-width:640px) {.fusion-title.fusion-title-2{margin-top:10px!important;margin-bottom:10px!important;}}<\/style><div class=\"fusion-title title fusion-title-2 fusion-title-text fusion-title-size-three\" style=\"margin-top:10px;margin-bottom:15px;\"><div class=\"title-sep-container title-sep-container-left fusion-no-large-visibility fusion-no-medium-visibility fusion-no-small-visibility\"><div class=\"title-sep sep-double sep-solid\" style=\"border-color:#e2e2e2;\"><\/div><\/div><h3 class=\"title-heading-left\" style=\"margin:0;\"><h4 class=\"QcsUad BDJ8fb BLojaf sMVRZe hCXDsb wneUed\"><span style=\"font-size: 16px;\">Charmants villages de p\u00eacheurs :<\/span><\/h4><\/h3><div class=\"title-sep-container title-sep-container-right\"><div class=\"title-sep sep-double sep-solid\" style=\"border-color:#e2e2e2;\"><\/div><\/div><\/div><div class=\"fusion-text fusion-text-3\" style=\"transform:translate3d(0,0,0);\"><p>Le long de la Costa Brava, vous trouverez de charmants villages de p\u00eacheurs qui vous transporteront dans le pass\u00e9. Chacun d&rsquo;eux a son propre caract\u00e8re et son charme. Calella de Palafrugell est connue pour ses maisons blanches et ses ruelles pav\u00e9es au bord de la mer. Tossa de Mar vous impressionnera par son ch\u00e2teau m\u00e9di\u00e9val et son atmosph\u00e8re romantique. Cadaqu\u00e9s, la maison de Salvador Dal\u00ed, est une ville pittoresque avec des maisons blanches et des rues \u00e9troites.<\/p>\n<\/div><\/div><\/div><style type=\"text\/css\">.fusion-body .fusion-builder-column-3{width:50% !important;margin-top : 0px;margin-bottom : 20px;}.fusion-builder-column-3 > .fusion-column-wrapper {padding-top : 0px !important;padding-right : 0px !important;margin-right : 3.84%;padding-bottom : 0px !important;padding-left : 0px !important;margin-left : 3.84%;}@media only screen and (max-width:1024px) {.fusion-body .fusion-builder-column-3{width:50% !important;order : 0;}.fusion-builder-column-3 > .fusion-column-wrapper {margin-right : 3.84%;margin-left : 3.84%;}}@media only screen and (max-width:640px) {.fusion-body .fusion-builder-column-3{width:100% !important;order : 0;}.fusion-builder-column-3 > .fusion-column-wrapper {margin-right : 1.92%;margin-left : 1.92%;}}<\/style><div class=\"fusion-layout-column fusion_builder_column fusion-builder-column-4 fusion_builder_column_1_2 1_2 fusion-flex-column\"><div class=\"fusion-column-wrapper fusion-flex-justify-content-flex-start fusion-content-layout-column lazyload\" style=\"background-image:inherit;background-position:left top;background-repeat:no-repeat;-webkit-background-size:cover;-moz-background-size:cover;-o-background-size:cover;background-size:cover;padding: 0px 0px 0px 0px;\" data-bg-url=\"https:\/\/calafellevasion.com\/wp-content\/uploads\/2023\/10\/costa-brava-300x200.jpg\" data-bg-image=\"url(&#039;https:\/\/calafellevasion.com\/wp-content\/uploads\/2023\/10\/costa-brava-300x200.jpg&#039;)\"><\/div><\/div><style type=\"text\/css\">.fusion-body .fusion-builder-column-4{width:50% !important;margin-top : 0px;margin-bottom : 20px;}.fusion-builder-column-4 > .fusion-column-wrapper {padding-top : 0px !important;padding-right : 0px !important;margin-right : 3.84%;padding-bottom : 0px !important;padding-left : 0px !important;margin-left : 3.84%;}@media only screen and (max-width:1024px) {.fusion-body .fusion-builder-column-4{width:50% !important;order : 0;}.fusion-builder-column-4 > .fusion-column-wrapper {margin-right : 3.84%;margin-left : 3.84%;}}@media only screen and (max-width:640px) {.fusion-body .fusion-builder-column-4{width:100% !important;order : 0;}.fusion-builder-column-4 > .fusion-column-wrapper {margin-right : 1.92%;margin-left : 1.92%;}}<\/style><\/div><style type=\"text\/css\">.fusion-body .fusion-flex-container.fusion-builder-row-3{ padding-top : 0px;margin-top : 0px;padding-right : 0px;padding-bottom : 0px;margin-bottom : 0px;padding-left : 0px;}<\/style><\/div><div class=\"fusion-fullwidth fullwidth-box fusion-builder-row-4 fusion-flex-container nonhundred-percent-fullwidth non-hundred-percent-height-scrolling\" style=\"background-color: rgba(255,255,255,0);background-position: center center;background-repeat: no-repeat;border-width: 0px 0px 0px 0px;border-color:#e2e2e2;border-style:solid;\" ><div class=\"fusion-builder-row fusion-row fusion-flex-align-items-flex-start\" style=\"max-width:1497.6px;margin-left: calc(-4% \/ 2 );margin-right: calc(-4% \/ 2 );\"><div class=\"fusion-layout-column fusion_builder_column fusion-builder-column-5 fusion_builder_column_1_2 1_2 fusion-flex-column\"><div class=\"fusion-column-wrapper fusion-flex-justify-content-flex-start fusion-content-layout-column lazyload\" style=\"background-image:inherit;background-position:left top;background-repeat:no-repeat;-webkit-background-size:cover;-moz-background-size:cover;-o-background-size:cover;background-size:cover;padding: 0px 0px 0px 0px;\" data-bg-url=\"https:\/\/calafellevasion.com\/wp-content\/uploads\/2023\/09\/girona-3847277_1280-300x199.jpg\" data-bg-image=\"url(&#039;https:\/\/calafellevasion.com\/wp-content\/uploads\/2023\/09\/girona-3847277_1280-300x199.jpg&#039;)\"><style type=\"text\/css\">@media only screen and (max-width:1024px) {.fusion-title.fusion-title-3{margin-top:10px!important;margin-bottom:15px!important;}}@media only screen and (max-width:640px) {.fusion-title.fusion-title-3{margin-top:10px!important;margin-bottom:10px!important;}}<\/style><div class=\"fusion-title title fusion-title-3 fusion-title-text fusion-title-size-three\" style=\"margin-top:10px;margin-bottom:15px;\"><div class=\"title-sep-container title-sep-container-left fusion-no-large-visibility fusion-no-medium-visibility fusion-no-small-visibility\"><div class=\"title-sep sep-double sep-solid\" style=\"border-color:#e2e2e2;\"><\/div><\/div><h3 class=\"title-heading-left\" style=\"margin:0;\"><h4>Gastronomie m\u00e9diterran\u00e9enne :<\/h4><\/h3><div class=\"title-sep-container title-sep-container-right\"><div class=\"title-sep sep-double sep-solid\" style=\"border-color:#e2e2e2;\"><\/div><\/div><\/div><div class=\"fusion-text fusion-text-4\" style=\"transform:translate3d(0,0,0);\"><p>La Costa Brava est un paradis gastronomique avec une cuisine \u00e0 base d&rsquo;ingr\u00e9dients frais de la mer et de la terre. Essayez le \u00ab suquet de peix \u00bb, un rago\u00fbt de poisson au safran, ou les fameuses \u00ab esqueixada \u00bb et \u00ab escalivada \u00bb. N&rsquo;oubliez pas d&rsquo;accompagner vos repas d&rsquo;un vin local, comme l&rsquo;Empord\u00e0, et de terminer par un dessert comme la cr\u00e8me br\u00fbl\u00e9e.<\/p>\n<\/div><\/div><\/div><style type=\"text\/css\">.fusion-body .fusion-builder-column-5{width:50% !important;margin-top : 0px;margin-bottom : 20px;}.fusion-builder-column-5 > .fusion-column-wrapper {padding-top : 0px !important;padding-right : 0px !important;margin-right : 3.84%;padding-bottom : 0px !important;padding-left : 0px !important;margin-left : 3.84%;}@media only screen and (max-width:1024px) {.fusion-body .fusion-builder-column-5{width:50% !important;order : 0;}.fusion-builder-column-5 > .fusion-column-wrapper {margin-right : 3.84%;margin-left : 3.84%;}}@media only screen and (max-width:640px) {.fusion-body .fusion-builder-column-5{width:100% !important;order : 0;}.fusion-builder-column-5 > .fusion-column-wrapper {margin-right : 1.92%;margin-left : 1.92%;}}<\/style><div class=\"fusion-layout-column fusion_builder_column fusion-builder-column-6 fusion_builder_column_1_2 1_2 fusion-flex-column\"><div class=\"fusion-column-wrapper fusion-flex-justify-content-flex-start fusion-content-layout-column lazyload\" style=\"background-image:inherit;background-position:left top;background-repeat:no-repeat;-webkit-background-size:cover;-moz-background-size:cover;-o-background-size:cover;background-size:cover;padding: 0px 0px 0px 0px;\" data-bg-url=\"https:\/\/calafellevasion.com\/wp-content\/uploads\/2023\/09\/3413671974_9a15d91578_n-300x201.jpg\" data-bg-image=\"url(&#039;https:\/\/calafellevasion.com\/wp-content\/uploads\/2023\/09\/3413671974_9a15d91578_n-300x201.jpg&#039;)\"><\/div><\/div><style type=\"text\/css\">.fusion-body .fusion-builder-column-6{width:50% !important;margin-top : 0px;margin-bottom : 20px;}.fusion-builder-column-6 > .fusion-column-wrapper {padding-top : 0px !important;padding-right : 0px !important;margin-right : 3.84%;padding-bottom : 0px !important;padding-left : 0px !important;margin-left : 3.84%;}@media only screen and (max-width:1024px) {.fusion-body .fusion-builder-column-6{width:50% !important;order : 0;}.fusion-builder-column-6 > .fusion-column-wrapper {margin-right : 3.84%;margin-left : 3.84%;}}@media only screen and (max-width:640px) {.fusion-body .fusion-builder-column-6{width:100% !important;order : 0;}.fusion-builder-column-6 > .fusion-column-wrapper {margin-right : 1.92%;margin-left : 1.92%;}}<\/style><\/div><style type=\"text\/css\">.fusion-body .fusion-flex-container.fusion-builder-row-4{ padding-top : 0px;margin-top : 0px;padding-right : 0px;padding-bottom : 0px;margin-bottom : 0px;padding-left : 0px;}<\/style><\/div><div class=\"fusion-fullwidth fullwidth-box fusion-builder-row-5 fusion-flex-container nonhundred-percent-fullwidth non-hundred-percent-height-scrolling\" style=\"background-color: rgba(255,255,255,0);background-position: center center;background-repeat: no-repeat;border-width: 0px 0px 0px 0px;border-color:#e2e2e2;border-style:solid;\" ><div class=\"fusion-builder-row fusion-row fusion-flex-align-items-flex-start\" style=\"max-width:1497.6px;margin-left: calc(-4% \/ 2 );margin-right: calc(-4% \/ 2 );\"><div class=\"fusion-layout-column fusion_builder_column fusion-builder-column-7 fusion_builder_column_1_2 1_2 fusion-flex-column\"><div class=\"fusion-column-wrapper fusion-flex-justify-content-flex-start fusion-content-layout-column lazyload\" style=\"background-image:inherit;background-position:left top;background-repeat:no-repeat;-webkit-background-size:cover;-moz-background-size:cover;-o-background-size:cover;background-size:cover;padding: 0px 0px 0px 0px;\" data-bg-url=\"https:\/\/calafellevasion.com\/wp-content\/uploads\/2023\/09\/50865884976_92f128721f_n-300x200.jpg\" data-bg-image=\"url(&#039;https:\/\/calafellevasion.com\/wp-content\/uploads\/2023\/09\/50865884976_92f128721f_n-300x200.jpg&#039;)\"><\/div><\/div><style type=\"text\/css\">.fusion-body .fusion-builder-column-7{width:50% !important;margin-top : 0px;margin-bottom : 20px;}.fusion-builder-column-7 > .fusion-column-wrapper {padding-top : 0px !important;padding-right : 0px !important;margin-right : 3.84%;padding-bottom : 0px !important;padding-left : 0px !important;margin-left : 3.84%;}@media only screen and (max-width:1024px) {.fusion-body .fusion-builder-column-7{width:50% !important;order : 0;}.fusion-builder-column-7 > .fusion-column-wrapper {margin-right : 3.84%;margin-left : 3.84%;}}@media only screen and (max-width:640px) {.fusion-body .fusion-builder-column-7{width:100% !important;order : 0;}.fusion-builder-column-7 > .fusion-column-wrapper {margin-right : 1.92%;margin-left : 1.92%;}}<\/style><div class=\"fusion-layout-column fusion_builder_column fusion-builder-column-8 fusion_builder_column_1_2 1_2 fusion-flex-column\"><div class=\"fusion-column-wrapper fusion-flex-justify-content-flex-start fusion-content-layout-column\" style=\"background-position:left top;background-repeat:no-repeat;-webkit-background-size:cover;-moz-background-size:cover;-o-background-size:cover;background-size:cover;padding: 0px 0px 0px 0px;\"><style type=\"text\/css\">@media only screen and (max-width:1024px) {.fusion-title.fusion-title-4{margin-top:10px!important;margin-bottom:15px!important;}}@media only screen and (max-width:640px) {.fusion-title.fusion-title-4{margin-top:10px!important;margin-bottom:10px!important;}}<\/style><div class=\"fusion-title title fusion-title-4 fusion-title-text fusion-title-size-three\" style=\"margin-top:10px;margin-bottom:15px;\"><div class=\"title-sep-container title-sep-container-left fusion-no-large-visibility fusion-no-medium-visibility fusion-no-small-visibility\"><div class=\"title-sep sep-double sep-solid\" style=\"border-color:#e2e2e2;\"><\/div><\/div><h3 class=\"title-heading-left\" style=\"margin:0;\"><h4>Nature luxuriante :<\/h4><\/h3><div class=\"title-sep-container title-sep-container-right\"><div class=\"title-sep sep-double sep-solid\" style=\"border-color:#e2e2e2;\"><\/div><\/div><\/div><div class=\"fusion-text fusion-text-5\" style=\"transform:translate3d(0,0,0);\"><p>Pour les amoureux de la nature, la Costa Brava offre une vari\u00e9t\u00e9 d&rsquo;options. Le Parc Naturel du Cap de Creus est un paradis pour la randonn\u00e9e et l&rsquo;observation des oiseaux. Le parc naturel des Aiguamolls de l&rsquo;Empord\u00e0 est une zone humide avec une riche biodiversit\u00e9. Et si vous aimez la plong\u00e9e, le parc naturel des \u00eeles Medes est un endroit impressionnant pour explorer le monde sous-marin.<\/p>\n<\/div><\/div><\/div><style type=\"text\/css\">.fusion-body .fusion-builder-column-8{width:50% !important;margin-top : 0px;margin-bottom : 20px;}.fusion-builder-column-8 > .fusion-column-wrapper {padding-top : 0px !important;padding-right : 0px !important;margin-right : 3.84%;padding-bottom : 0px !important;padding-left : 0px !important;margin-left : 3.84%;}@media only screen and (max-width:1024px) {.fusion-body .fusion-builder-column-8{width:50% !important;order : 0;}.fusion-builder-column-8 > .fusion-column-wrapper {margin-right : 3.84%;margin-left : 3.84%;}}@media only screen and (max-width:640px) {.fusion-body .fusion-builder-column-8{width:100% !important;order : 0;}.fusion-builder-column-8 > .fusion-column-wrapper {margin-right : 1.92%;margin-left : 1.92%;}}<\/style><\/div><style type=\"text\/css\">.fusion-body .fusion-flex-container.fusion-builder-row-5{ padding-top : 0px;margin-top : 0px;padding-right : 0px;padding-bottom : 0px;margin-bottom : 0px;padding-left : 0px;}<\/style><\/div><div class=\"fusion-fullwidth fullwidth-box fusion-builder-row-6 fusion-flex-container nonhundred-percent-fullwidth non-hundred-percent-height-scrolling\" style=\"background-color: rgba(255,255,255,0);background-position: center center;background-repeat: no-repeat;border-width: 0px 0px 0px 0px;border-color:#e2e2e2;border-style:solid;\" ><div class=\"fusion-builder-row fusion-row fusion-flex-align-items-flex-start\" style=\"max-width:1497.6px;margin-left: calc(-4% \/ 2 );margin-right: calc(-4% \/ 2 );\"><div class=\"fusion-layout-column fusion_builder_column fusion-builder-column-9 fusion_builder_column_1_1 1_1 fusion-flex-column\"><div class=\"fusion-column-wrapper fusion-flex-justify-content-flex-start fusion-content-layout-column\" style=\"background-position:left top;background-repeat:no-repeat;-webkit-background-size:cover;-moz-background-size:cover;-o-background-size:cover;background-size:cover;padding: 0px 0px 0px 0px;\"><div class=\"fusion-text fusion-text-6\" style=\"transform:translate3d(0,0,0);\"><p>La Costa Brava est une destination exceptionnelle qui combine la beaut\u00e9 naturelle, la riche histoire et la d\u00e9licieuse gastronomie de la Catalogne. Que vous cherchiez \u00e0 vous d\u00e9tendre sur la plage, \u00e0 explorer des villages charmants ou \u00e0 profiter d&rsquo;aventures en plein air, la Costa Brava a quelque chose pour tout le monde. Pr\u00e9parez-vous pour un voyage inoubliable sur cette magnifique c\u00f4te m\u00e9diterran\u00e9enne !<\/p>\n<\/div><\/div><\/div><style type=\"text\/css\">.fusion-body .fusion-builder-column-9{width:100% !important;margin-top : 0px;margin-bottom : 20px;}.fusion-builder-column-9 > .fusion-column-wrapper {padding-top : 0px !important;padding-right : 0px !important;margin-right : 1.92%;padding-bottom : 0px !important;padding-left : 0px !important;margin-left : 1.92%;}@media only screen and (max-width:1024px) {.fusion-body .fusion-builder-column-9{width:100% !important;order : 0;}.fusion-builder-column-9 > .fusion-column-wrapper {margin-right : 1.92%;margin-left : 1.92%;}}@media only screen and (max-width:640px) {.fusion-body .fusion-builder-column-9{width:100% !important;order : 0;}.fusion-builder-column-9 > .fusion-column-wrapper {margin-right : 1.92%;margin-left : 1.92%;}}<\/style><\/div><style type=\"text\/css\">.fusion-body .fusion-flex-container.fusion-builder-row-6{ padding-top : 0px;margin-top : 0px;padding-right : 0px;padding-bottom : 0px;margin-bottom : 0px;padding-left : 0px;}<\/style><\/div><\/p>\n","protected":false},"excerpt":{"rendered":"","protected":false},"author":17,"featured_media":3335,"comment_status":"open","ping_status":"closed","sticky":false,"template":"","format":"standard","meta":{"om_disable_all_campaigns":false,"_monsterinsights_skip_tracking":false,"_monsterinsights_sitenote_active":false,"_monsterinsights_sitenote_note":"","_monsterinsights_sitenote_category":0,"_uf_show_specific_survey":0,"_uf_disable_surveys":false,"footnotes":""},"categories":[41],"tags":[],"class_list":["post-2006","post","type-post","status-publish","format-standard","has-post-thumbnail","hentry","category-destinations-fr"],"yoast_head":"<!-- This site is optimized with the Yoast SEO plugin v24.6 - https:\/\/yoast.com\/wordpress\/plugins\/seo\/ -->\n<title>D\u00e9couvrez la beaut\u00e9 \u00e0 couper le souffle de la Costa Brava - Calafell Evasi\u00f3n<\/title>\n<meta name=\"description\" content=\"La Costa Brava, situ\u00e9e dans la r\u00e9gion de Catalogne, captive les visiteurs par sa beaut\u00e9 naturelle, sa culture et sa cuisine m\u00e9diterran\u00e9enne.\" \/>\n<meta name=\"robots\" content=\"index, follow, max-snippet:-1, max-image-preview:large, max-video-preview:-1\" \/>\n<link rel=\"canonical\" href=\"https:\/\/www.calafellevasion.com\/fr\/decouvrez-la-beaute-a-couper-le-souffle-de-la-costa-brava-2\/\" \/>\n<meta property=\"og:locale\" content=\"fr_FR\" \/>\n<meta property=\"og:type\" content=\"article\" \/>\n<meta property=\"og:title\" content=\"D\u00e9couvrez la beaut\u00e9 \u00e0 couper le souffle de la Costa Brava - Calafell Evasi\u00f3n\" \/>\n<meta property=\"og:description\" content=\"La Costa Brava, situ\u00e9e dans la r\u00e9gion de Catalogne, captive les visiteurs par sa beaut\u00e9 naturelle, sa culture et sa cuisine m\u00e9diterran\u00e9enne.\" \/>\n<meta property=\"og:url\" content=\"https:\/\/www.calafellevasion.com\/fr\/decouvrez-la-beaute-a-couper-le-souffle-de-la-costa-brava-2\/\" \/>\n<meta property=\"og:site_name\" content=\"Calafell Evasi\u00f3n\" \/>\n<meta property=\"article:publisher\" content=\"https:\/\/www.facebook.com\/CalafellEvasion\" \/>\n<meta property=\"article:published_time\" content=\"2023-09-21T07:59:17+00:00\" \/>\n<meta property=\"article:modified_time\" content=\"2024-08-30T12:49:46+00:00\" \/>\n<meta property=\"og:image\" content=\"https:\/\/www.calafellevasion.com\/wp-content\/uploads\/2024\/08\/tossa-mar-costa-brava.webp\" \/>\n\t<meta property=\"og:image:width\" content=\"1500\" \/>\n\t<meta property=\"og:image:height\" content=\"1000\" \/>\n\t<meta property=\"og:image:type\" content=\"image\/webp\" \/>\n<meta name=\"author\" content=\"Clarisse Dubois\" \/>\n<meta name=\"twitter:card\" content=\"summary_large_image\" \/>\n<meta name=\"twitter:label1\" content=\"\u00c9crit par\" \/>\n\t<meta name=\"twitter:data1\" content=\"Clarisse Dubois\" \/>\n\t<meta name=\"twitter:label2\" content=\"Dur\u00e9e de lecture estim\u00e9e\" \/>\n\t<meta name=\"twitter:data2\" content=\"12 minutes\" \/>\n<script type=\"application\/ld+json\" class=\"yoast-schema-graph\">{\"@context\":\"https:\/\/schema.org\",\"@graph\":[{\"@type\":\"WebPage\",\"@id\":\"https:\/\/www.calafellevasion.com\/fr\/decouvrez-la-beaute-a-couper-le-souffle-de-la-costa-brava-2\/\",\"url\":\"https:\/\/www.calafellevasion.com\/fr\/decouvrez-la-beaute-a-couper-le-souffle-de-la-costa-brava-2\/\",\"name\":\"D\u00e9couvrez la beaut\u00e9 \u00e0 couper le souffle de la Costa Brava - Calafell Evasi\u00f3n\",\"isPartOf\":{\"@id\":\"https:\/\/calafellevasion.com\/#website\"},\"primaryImageOfPage\":{\"@id\":\"https:\/\/www.calafellevasion.com\/fr\/decouvrez-la-beaute-a-couper-le-souffle-de-la-costa-brava-2\/#primaryimage\"},\"image\":{\"@id\":\"https:\/\/www.calafellevasion.com\/fr\/decouvrez-la-beaute-a-couper-le-souffle-de-la-costa-brava-2\/#primaryimage\"},\"thumbnailUrl\":\"https:\/\/calafellevasion.com\/wp-content\/uploads\/2024\/08\/tossa-mar-costa-brava.webp\",\"datePublished\":\"2023-09-21T07:59:17+00:00\",\"dateModified\":\"2024-08-30T12:49:46+00:00\",\"author\":{\"@id\":\"https:\/\/calafellevasion.com\/#\/schema\/person\/f53704cbd302e1dee99ec3d21290d2aa\"},\"description\":\"La Costa Brava, situ\u00e9e dans la r\u00e9gion de Catalogne, captive les visiteurs par sa beaut\u00e9 naturelle, sa culture et sa cuisine m\u00e9diterran\u00e9enne.\",\"breadcrumb\":{\"@id\":\"https:\/\/www.calafellevasion.com\/fr\/decouvrez-la-beaute-a-couper-le-souffle-de-la-costa-brava-2\/#breadcrumb\"},\"inLanguage\":\"fr-FR\",\"potentialAction\":[{\"@type\":\"ReadAction\",\"target\":[\"https:\/\/www.calafellevasion.com\/fr\/decouvrez-la-beaute-a-couper-le-souffle-de-la-costa-brava-2\/\"]}]},{\"@type\":\"ImageObject\",\"inLanguage\":\"fr-FR\",\"@id\":\"https:\/\/www.calafellevasion.com\/fr\/decouvrez-la-beaute-a-couper-le-souffle-de-la-costa-brava-2\/#primaryimage\",\"url\":\"https:\/\/calafellevasion.com\/wp-content\/uploads\/2024\/08\/tossa-mar-costa-brava.webp\",\"contentUrl\":\"https:\/\/calafellevasion.com\/wp-content\/uploads\/2024\/08\/tossa-mar-costa-brava.webp\",\"width\":1500,\"height\":1000,\"caption\":\"Costa Brava\"},{\"@type\":\"BreadcrumbList\",\"@id\":\"https:\/\/www.calafellevasion.com\/fr\/decouvrez-la-beaute-a-couper-le-souffle-de-la-costa-brava-2\/#breadcrumb\",\"itemListElement\":[{\"@type\":\"ListItem\",\"position\":1,\"name\":\"Home\",\"item\":\"https:\/\/calafellevasion.com\/fr\/\"},{\"@type\":\"ListItem\",\"position\":2,\"name\":\"D\u00e9couvrez la beaut\u00e9 \u00e0 couper le souffle de la Costa Brava\"}]},{\"@type\":\"WebSite\",\"@id\":\"https:\/\/calafellevasion.com\/#website\",\"url\":\"https:\/\/calafellevasion.com\/\",\"name\":\"Calafell Evasi\u00f3n\",\"description\":\"\",\"potentialAction\":[{\"@type\":\"SearchAction\",\"target\":{\"@type\":\"EntryPoint\",\"urlTemplate\":\"https:\/\/calafellevasion.com\/?s={search_term_string}\"},\"query-input\":{\"@type\":\"PropertyValueSpecification\",\"valueRequired\":true,\"valueName\":\"search_term_string\"}}],\"inLanguage\":\"fr-FR\"},{\"@type\":\"Person\",\"@id\":\"https:\/\/calafellevasion.com\/#\/schema\/person\/f53704cbd302e1dee99ec3d21290d2aa\",\"name\":\"Clarisse Dubois\",\"image\":{\"@type\":\"ImageObject\",\"inLanguage\":\"fr-FR\",\"@id\":\"https:\/\/calafellevasion.com\/#\/schema\/person\/image\/\",\"url\":\"https:\/\/secure.gravatar.com\/avatar\/4ea04cd1d54f6ade1069e313fd0e5cf90d6e1a2fac0b28d6dde28c3a1dc5174a?s=96&d=mm&r=g\",\"contentUrl\":\"https:\/\/secure.gravatar.com\/avatar\/4ea04cd1d54f6ade1069e313fd0e5cf90d6e1a2fac0b28d6dde28c3a1dc5174a?s=96&d=mm&r=g\",\"caption\":\"Clarisse Dubois\"},\"url\":\"https:\/\/calafellevasion.com\/fr\/author\/marketing-luisa-de-page\/\"}]}<\/script>\n<!-- \/ Yoast SEO plugin. -->","yoast_head_json":{"title":"D\u00e9couvrez la beaut\u00e9 \u00e0 couper le souffle de la Costa Brava - Calafell Evasi\u00f3n","description":"La Costa Brava, situ\u00e9e dans la r\u00e9gion de Catalogne, captive les visiteurs par sa beaut\u00e9 naturelle, sa culture et sa cuisine m\u00e9diterran\u00e9enne.","robots":{"index":"index","follow":"follow","max-snippet":"max-snippet:-1","max-image-preview":"max-image-preview:large","max-video-preview":"max-video-preview:-1"},"canonical":"https:\/\/www.calafellevasion.com\/fr\/decouvrez-la-beaute-a-couper-le-souffle-de-la-costa-brava-2\/","og_locale":"fr_FR","og_type":"article","og_title":"D\u00e9couvrez la beaut\u00e9 \u00e0 couper le souffle de la Costa Brava - Calafell Evasi\u00f3n","og_description":"La Costa Brava, situ\u00e9e dans la r\u00e9gion de Catalogne, captive les visiteurs par sa beaut\u00e9 naturelle, sa culture et sa cuisine m\u00e9diterran\u00e9enne.","og_url":"https:\/\/www.calafellevasion.com\/fr\/decouvrez-la-beaute-a-couper-le-souffle-de-la-costa-brava-2\/","og_site_name":"Calafell Evasi\u00f3n","article_publisher":"https:\/\/www.facebook.com\/CalafellEvasion","article_published_time":"2023-09-21T07:59:17+00:00","article_modified_time":"2024-08-30T12:49:46+00:00","og_image":[{"width":1500,"height":1000,"url":"https:\/\/www.calafellevasion.com\/wp-content\/uploads\/2024\/08\/tossa-mar-costa-brava.webp","type":"image\/webp"}],"author":"Clarisse Dubois","twitter_card":"summary_large_image","twitter_misc":{"\u00c9crit par":"Clarisse Dubois","Dur\u00e9e de lecture estim\u00e9e":"12 minutes"},"schema":{"@context":"https:\/\/schema.org","@graph":[{"@type":"WebPage","@id":"https:\/\/www.calafellevasion.com\/fr\/decouvrez-la-beaute-a-couper-le-souffle-de-la-costa-brava-2\/","url":"https:\/\/www.calafellevasion.com\/fr\/decouvrez-la-beaute-a-couper-le-souffle-de-la-costa-brava-2\/","name":"D\u00e9couvrez la beaut\u00e9 \u00e0 couper le souffle de la Costa Brava - Calafell Evasi\u00f3n","isPartOf":{"@id":"https:\/\/calafellevasion.com\/#website"},"primaryImageOfPage":{"@id":"https:\/\/www.calafellevasion.com\/fr\/decouvrez-la-beaute-a-couper-le-souffle-de-la-costa-brava-2\/#primaryimage"},"image":{"@id":"https:\/\/www.calafellevasion.com\/fr\/decouvrez-la-beaute-a-couper-le-souffle-de-la-costa-brava-2\/#primaryimage"},"thumbnailUrl":"https:\/\/calafellevasion.com\/wp-content\/uploads\/2024\/08\/tossa-mar-costa-brava.webp","datePublished":"2023-09-21T07:59:17+00:00","dateModified":"2024-08-30T12:49:46+00:00","author":{"@id":"https:\/\/calafellevasion.com\/#\/schema\/person\/f53704cbd302e1dee99ec3d21290d2aa"},"description":"La Costa Brava, situ\u00e9e dans la r\u00e9gion de Catalogne, captive les visiteurs par sa beaut\u00e9 naturelle, sa culture et sa cuisine m\u00e9diterran\u00e9enne.","breadcrumb":{"@id":"https:\/\/www.calafellevasion.com\/fr\/decouvrez-la-beaute-a-couper-le-souffle-de-la-costa-brava-2\/#breadcrumb"},"inLanguage":"fr-FR","potentialAction":[{"@type":"ReadAction","target":["https:\/\/www.calafellevasion.com\/fr\/decouvrez-la-beaute-a-couper-le-souffle-de-la-costa-brava-2\/"]}]},{"@type":"ImageObject","inLanguage":"fr-FR","@id":"https:\/\/www.calafellevasion.com\/fr\/decouvrez-la-beaute-a-couper-le-souffle-de-la-costa-brava-2\/#primaryimage","url":"https:\/\/calafellevasion.com\/wp-content\/uploads\/2024\/08\/tossa-mar-costa-brava.webp","contentUrl":"https:\/\/calafellevasion.com\/wp-content\/uploads\/2024\/08\/tossa-mar-costa-brava.webp","width":1500,"height":1000,"caption":"Costa Brava"},{"@type":"BreadcrumbList","@id":"https:\/\/www.calafellevasion.com\/fr\/decouvrez-la-beaute-a-couper-le-souffle-de-la-costa-brava-2\/#breadcrumb","itemListElement":[{"@type":"ListItem","position":1,"name":"Home","item":"https:\/\/calafellevasion.com\/fr\/"},{"@type":"ListItem","position":2,"name":"D\u00e9couvrez la beaut\u00e9 \u00e0 couper le souffle de la Costa Brava"}]},{"@type":"WebSite","@id":"https:\/\/calafellevasion.com\/#website","url":"https:\/\/calafellevasion.com\/","name":"Calafell Evasi\u00f3n","description":"","potentialAction":[{"@type":"SearchAction","target":{"@type":"EntryPoint","urlTemplate":"https:\/\/calafellevasion.com\/?s={search_term_string}"},"query-input":{"@type":"PropertyValueSpecification","valueRequired":true,"valueName":"search_term_string"}}],"inLanguage":"fr-FR"},{"@type":"Person","@id":"https:\/\/calafellevasion.com\/#\/schema\/person\/f53704cbd302e1dee99ec3d21290d2aa","name":"Clarisse Dubois","image":{"@type":"ImageObject","inLanguage":"fr-FR","@id":"https:\/\/calafellevasion.com\/#\/schema\/person\/image\/","url":"https:\/\/secure.gravatar.com\/avatar\/4ea04cd1d54f6ade1069e313fd0e5cf90d6e1a2fac0b28d6dde28c3a1dc5174a?s=96&d=mm&r=g","contentUrl":"https:\/\/secure.gravatar.com\/avatar\/4ea04cd1d54f6ade1069e313fd0e5cf90d6e1a2fac0b28d6dde28c3a1dc5174a?s=96&d=mm&r=g","caption":"Clarisse Dubois"},"url":"https:\/\/calafellevasion.com\/fr\/author\/marketing-luisa-de-page\/"}]}},"_links":{"self":[{"href":"https:\/\/calafellevasion.com\/fr\/wp-json\/wp\/v2\/posts\/2006","targetHints":{"allow":["GET"]}}],"collection":[{"href":"https:\/\/calafellevasion.com\/fr\/wp-json\/wp\/v2\/posts"}],"about":[{"href":"https:\/\/calafellevasion.com\/fr\/wp-json\/wp\/v2\/types\/post"}],"author":[{"embeddable":true,"href":"https:\/\/calafellevasion.com\/fr\/wp-json\/wp\/v2\/users\/17"}],"replies":[{"embeddable":true,"href":"https:\/\/calafellevasion.com\/fr\/wp-json\/wp\/v2\/comments?post=2006"}],"version-history":[{"count":7,"href":"https:\/\/calafellevasion.com\/fr\/wp-json\/wp\/v2\/posts\/2006\/revisions"}],"predecessor-version":[{"id":3972,"href":"https:\/\/calafellevasion.com\/fr\/wp-json\/wp\/v2\/posts\/2006\/revisions\/3972"}],"wp:featuredmedia":[{"embeddable":true,"href":"https:\/\/calafellevasion.com\/fr\/wp-json\/wp\/v2\/media\/3335"}],"wp:attachment":[{"href":"https:\/\/calafellevasion.com\/fr\/wp-json\/wp\/v2\/media?parent=2006"}],"wp:term":[{"taxonomy":"category","embeddable":true,"href":"https:\/\/calafellevasion.com\/fr\/wp-json\/wp\/v2\/categories?post=2006"},{"taxonomy":"post_tag","embeddable":true,"href":"https:\/\/calafellevasion.com\/fr\/wp-json\/wp\/v2\/tags?post=2006"}],"curies":[{"name":"wp","href":"https:\/\/api.w.org\/{rel}","templated":true}]}}